{"id":19,"date":"2026-03-01T14:30:00","date_gmt":"2026-03-01T14:30:00","guid":{"rendered":"https:\/\/lexorandi.com.br\/blog\/?p=19"},"modified":"2026-03-01T08:11:34","modified_gmt":"2026-03-01T08:11:34","slug":"a-luz-do-vitral-e-a-luz-do-filho","status":"publish","type":"post","link":"https:\/\/lexorandi.com.br\/blog\/a-luz-do-vitral-e-a-luz-do-filho\/","title":{"rendered":"A luz do vitral e a Luz do Filho"},"content":{"rendered":"\n<hr class=\"wp-block-separator has-alpha-channel-opacity\"\/>\n\n\n\n<p class=\"has-large-font-size\"><strong>A catedral que parecia um t\u00famulo<\/strong><\/p>\n\n\n\n<p>H\u00e1 cerca de dez anos eu visitei a <strong>Catedral de Col\u00f4nia<\/strong>.<\/p>\n\n\n\n<p>Por fora, ela \u00e9 um maci\u00e7o de pedra escura. S\u00e9culos de fuligem, de guerra, de chuva \u00e1cida acumulada nas torres. Voc\u00ea chega na Domplatz, levanta os olhos, e a primeira sensa\u00e7\u00e3o n\u00e3o \u00e9 exatamente sublime \u2014 \u00e9 quase opressiva. Muito peso. Muito sil\u00edcio. Muito cinza.<\/p>\n\n\n\n<p>Por dentro, a mesma impress\u00e3o inicial: um espa\u00e7o enorme, e escuro.<\/p>\n\n\n\n<p>E ent\u00e3o os vitrais.<\/p>\n\n\n\n<p><strong>A luz atravessa o vidro colorido \u2014 azul, vermelho, \u00e2mbar, verde \u2014 e o interior inteiro ganha vida. N\u00e3o \u00e9 que a pedra muda. A pedra continua sendo pedra. \u00c9 que a luz a atravessa, e o que era apenas massa passa a ter cor, profundidade, presen\u00e7a. A diferen\u00e7a entre o antes e o depois n\u00e3o est\u00e1 na arquitetura. Est\u00e1 em de onde vem a luz.<\/strong><\/p>\n\n\n\n<p>Fiquei pensando nisso por muito tempo depois. E fiquei pensando nisso de novo quando voltei a Mateus 17.<\/p>\n\n\n\n<hr class=\"wp-block-separator has-alpha-channel-opacity\"\/>\n\n\n\n<p class=\"has-large-font-size\"><strong>Na catedral, a luz vem de fora. Em Jesus, a luz vem de dentro.<\/strong><\/p>\n\n\n\n<p>A Transfigura\u00e7\u00e3o \u00e9 uma cena estranha para quem a l\u00ea pela primeira vez. Jesus sobe ao monte com Pedro, Tiago e Jo\u00e3o. E ent\u00e3o algo acontece que o texto descreve com uma precis\u00e3o quase perturbadora: &#8220;<strong>seu rosto resplandeceu como o sol, e suas vestes tornaram-se brancas como a luz.&#8221;<\/strong><\/p>\n\n\n\n<p>N\u00e3o \u00e9 um homem iluminado. N\u00e3o \u00e9 algu\u00e9m que recebeu uma experi\u00eancia m\u00edstica intensa o suficiente para deixar uma aura vis\u00edvel. N\u00e3o \u00e9 o reflexo de algo externo caindo sobre Ele. <strong>A gl\u00f3ria irrompe de dentro para fora.<\/strong><\/p>\n\n\n\n<p>Na catedral, a luz vem de fora e atravessa o vidro. No monte da Transfigura\u00e7\u00e3o, a luz vem de dentro e atravessa a carne. Parece detalhe. N\u00e3o \u00e9. <strong>\u00c9 a diferen\u00e7a entre um homem tocado por Deus e o pr\u00f3prio Deus que se fez homem.<\/strong><\/p>\n\n\n\n<p>N\u00e3o \u00e9 s\u00f3 luz que entra \u2014 \u00e9 a Luz que se revela.<\/p>\n\n\n\n<hr class=\"wp-block-separator has-alpha-channel-opacity\"\/>\n\n\n\n<p class=\"has-large-font-size\"><strong>Abra\u00e3o saiu sem mapa<\/strong><\/p>\n\n\n\n<p>Para entender o que acontece no monte, \u00e9 preciso entender o que a B\u00edblia inteira estava nos ensinando at\u00e9 chegar l\u00e1.<\/p>\n\n\n\n<p>Em G\u00eanesis 12, Deus fala com Abra\u00e3o com uma economia impressionante: &#8220;<strong>Sai da tua terra, da tua parentela e da casa de teu pai para a terra que eu te mostrarei.&#8221;<\/strong> Ponto. N\u00e3o h\u00e1 mapa. N\u00e3o h\u00e1 contrato de aluguel na outra ponta. N\u00e3o h\u00e1 garantia de que vai dar certo. H\u00e1 apenas uma voz e uma dire\u00e7\u00e3o: vai.<\/p>\n\n\n\n<p>E Abra\u00e3o vai. Isso \u00e9 o que a B\u00edblia chama de f\u00e9.<\/p>\n\n\n\n<p>Paulo, em Romanos 4, demora um cap\u00edtulo inteiro para explicar o que aquilo significava \u2014 porque o risco de entender errado \u00e9 grande. A f\u00e9 de Abra\u00e3o n\u00e3o foi um gesto heroico que Deus recompensou. N\u00e3o foi m\u00e9rito acumulado que gerou direito. Foi confian\u00e7a numa promessa. Foi deixar a pr\u00f3pria sufici\u00eancia de lado e agir como se a palavra de Deus fosse mais s\u00f3lida do que qualquer evid\u00eancia vis\u00edvel em sentido contr\u00e1rio. Paulo chama isso de gra\u00e7a: n\u00e3o \u00e9 sal\u00e1rio conquistado, \u00e9 dom recebido.<\/p>\n\n\n\n<p><strong>A B\u00edblia inteira nos treina para isso. Ouvir a voz de Deus. Segui-la. Mesmo antes de entender tudo.<\/strong><\/p>\n\n\n\n<p>E ent\u00e3o, depois de s\u00e9culos de treinamento \u2014 depois de Abra\u00e3o, de Mois\u00e9s, dos profetas, dos salmos, da lei \u2014 chegamos ao monte. E Deus fala de novo. Mas desta vez n\u00e3o para mandar sair. Para revelar quem devemos seguir.<\/p>\n\n\n\n<hr class=\"wp-block-separator has-alpha-channel-opacity\"\/>\n\n\n\n<p class=\"has-large-font-size\"><strong>&#8220;Escutai-o&#8221;<\/strong><\/p>\n\n\n\n<p>Mois\u00e9s e Elias aparecem ao lado de Jesus no relato de Mateus. N\u00e3o \u00e9 decora\u00e7\u00e3o narrativa. \u00c9 afirma\u00e7\u00e3o teol\u00f3gica: a Lei e os Profetas \u2014 o conjunto inteiro da revela\u00e7\u00e3o de Israel \u2014 est\u00e3o ali, em conversa com Jesus, n\u00e3o como seus equivalentes, mas como seu pr\u00f3logo. Tudo aquilo apontava para aqui. Todos aqueles s\u00e9culos de palavra divina convergiam nesse rosto que agora resplandecia.<\/p>\n\n\n\n<p><strong>E ent\u00e3o a voz do Pai: &#8220;Este \u00e9 meu Filho amado, em quem me comprazo. Escutai-o.&#8221;<\/strong><\/p>\n\n\n\n<p>Vale notar o que a voz n\u00e3o diz. N\u00e3o diz &#8220;este \u00e9 um grande mestre.&#8221; N\u00e3o diz &#8220;este \u00e9 o mais iluminado dos profetas.&#8221; N\u00e3o diz &#8220;este \u00e9 um l\u00edder moral que merece admira\u00e7\u00e3o.&#8221; Diz: &#8220;Filho.&#8221; E diz: &#8220;Escutai-o&#8221; \u2014 n\u00e3o como sugest\u00e3o, n\u00e3o como convite educado, mas como mandato que vem da mesma autoridade que disse &#8220;Sai&#8221; para Abra\u00e3o.<\/p>\n\n\n\n<p>Muita gente aceita Jesus como mestre. Como guia espiritual. Como figura hist\u00f3rica importante. Como s\u00edmbolo de valores que vale a pena seguir. O mundo est\u00e1 cheio de pessoas que admiram Jesus \u2014 e que nunca chegaram mais perto do que isso.<\/p>\n\n\n\n<p>Mas o que acontece no monte n\u00e3o deixa essa op\u00e7\u00e3o aberta. <strong>O monte \u00e9 uma epifania de identidade. N\u00e3o \u00e9 &#8220;este \u00e9 um homem tocado por Deus&#8221;. \u00c9 &#8220;este \u00e9 meu Filho.&#8221;<\/strong> A gl\u00f3ria que irrompeu de dentro para fora n\u00e3o \u00e9 o efeito de uma experi\u00eancia espiritual profunda \u2014 \u00e9 o sinal de quem Ele sempre foi.<\/p>\n\n\n\n<p>O cristianismo afirma algo que, dito em voz alta, continua soando radical depois de dois mil anos: <strong>Jesus de Nazar\u00e9 \u00e9 Deus Filho que se fez carne. N\u00e3o uma aproxima\u00e7\u00e3o de Deus. N\u00e3o um emissor autorizado da mensagem de Deus. Deus mesmo, em carne, no monte, com o rosto resplandecendo como o sol.<\/strong><\/p>\n\n\n\n<p>Se isso \u00e9 verdade, nossa resposta n\u00e3o pode ser apenas respeito.<\/p>\n\n\n\n<hr class=\"wp-block-separator has-alpha-channel-opacity\"\/>\n\n\n\n<p class=\"has-large-font-size\"><strong>&#8220;De onde vem o meu socorro?&#8221;<\/strong><\/p>\n\n\n\n<p>O Salmo 121 come\u00e7a com uma pergunta que todo ser humano faz em algum momento: &#8220;Levanto os meus olhos para os montes; de onde vem o meu socorro?&#8221;<\/p>\n\n\n\n<p>A resposta \u00e9 imediata: <strong>&#8220;O meu socorro vem do Senhor, que fez os c\u00e9us e a terra.&#8221;<\/strong> O salmo ent\u00e3o se desdobra numa s\u00e9rie de garantias \u2014 Deus n\u00e3o dorme, n\u00e3o cochila, guarda a sa\u00edda e a entrada, vigia de dia e de noite. \u00c9 um poema sobre a confiabilidade radical de Deus. Sobre o Deus que n\u00e3o abandona.<\/p>\n\n\n\n<p>S\u00e9culos depois, esse Deus que guarda Israel se aproxima de n\u00f3s com rosto. O socorro de que fala o salmo \u2014 abstrato, imenso, transcendente \u2014 ganha nome, genealogia, voz. O Deus que n\u00e3o cochila sobe ao monte com tr\u00eas disc\u00edpulos e deixa que vejam, por um momento, quem Ele realmente \u00e9.<\/p>\n\n\n\n<p><strong>O socorro do Senhor tem rosto. E o rosto resplandece.<\/strong><\/p>\n\n\n\n<hr class=\"wp-block-separator has-alpha-channel-opacity\"\/>\n\n\n\n<p class=\"has-large-font-size\"><strong>Pedro queria armar tendas<\/strong><\/p>\n\n\n\n<p>H\u00e1 algo ao mesmo tempo compreens\u00edvel e revelat\u00f3rio na rea\u00e7\u00e3o de Pedro. Diante do rosto que resplandece, diante de Mois\u00e9s e Elias, diante do imposs\u00edvel se tornando real, <strong>Pedro diz: &#8220;Senhor, bom \u00e9 estarmos aqui. Se quiseres, farei aqui tr\u00eas tendas: uma para ti, uma para Mois\u00e9s e outra para Elias.&#8221;<\/strong><\/p>\n\n\n\n<p>N\u00e3o \u00e9 loucura. <strong>\u00c9 o impulso humano mais natural diante de uma experi\u00eancia de Deus: querer ficar. Querer congelar o momento.<\/strong> Construir uma estrutura que preserve aquilo, que garanta que a experi\u00eancia n\u00e3o v\u00e1 embora, que transforme o encontro numa institui\u00e7\u00e3o permanente e administr\u00e1vel.<\/p>\n\n\n\n<p>Domesticar Jesus. Armar uma tenda ao redor dele para que Ele fique onde podemos visit\u00e1-lo quando quisermos.<\/p>\n\n\n\n<p><strong>Mas o relato n\u00e3o deixa Pedro terminar a frase. A voz do Pai interrompe. E logo depois, Jesus toca os disc\u00edpulos \u2014 que tinham ca\u00eddo com o rosto em terra \u2014 e diz: &#8220;Levantai-vos, n\u00e3o temais.&#8221; E quando erguem os olhos, n\u00e3o veem mais ningu\u00e9m. Apenas Jesus.<\/strong><\/p>\n\n\n\n<p>E ent\u00e3o desce do monte.<\/p>\n\n\n\n<p>A gl\u00f3ria do monte n\u00e3o \u00e9 o destino. \u00c9 a prepara\u00e7\u00e3o. A luz que resplandece ali em cima n\u00e3o \u00e9 para ser contemplada numa tenda \u2014 \u00e9 para sustentar o que vem a seguir: o vale, a cruz, a obedi\u00eancia cotidiana que custa mais do que qualquer experi\u00eancia espiritual intensa. Pedro vai negar tr\u00eas vezes. Os disc\u00edpulos v\u00e3o fugir. A semana que se abre depois desse monte termina numa sexta-feira de trevas.<\/p>\n\n\n\n<p><strong>E \u00e9 exatamente para isso que a Transfigura\u00e7\u00e3o existe. Para que quando a escurid\u00e3o vier, e ela vem, haja algo no fundo da mem\u00f3ria que n\u00e3o se apaga: o rosto que resplandeceu como o sol. A voz que disse &#8220;Filho amado&#8221;. A certeza de que a luz n\u00e3o veio de fora. Ela estava ali dentro o tempo todo.<\/strong><\/p>\n\n\n\n<hr class=\"wp-block-separator has-alpha-channel-opacity\"\/>\n\n\n\n<p class=\"has-large-font-size\"><strong>O que muda quando Jesus \u00e9 Deus<\/strong><\/p>\n\n\n\n<p>H\u00e1 tr\u00eas coisas que mudam quando levamos a Transfigura\u00e7\u00e3o a s\u00e9rio \u2014 n\u00e3o como experi\u00eancia m\u00edstica edificante, mas como afirma\u00e7\u00e3o sobre quem Jesus \u00e9.<\/p>\n\n\n\n<p>A primeira:<strong> se Jesus \u00e9 o Filho de Deus, a resposta adequada n\u00e3o \u00e9 admira\u00e7\u00e3o \u2014 \u00e9 adora\u00e7\u00e3o.<\/strong> Admiramos grandes mestres. Adoramos a Deus. Pedro, Tiago e Jo\u00e3o ca\u00edram com o rosto em terra. N\u00e3o foi exagero emocional. Foi a resposta correta diante do que estavam vendo.<\/p>\n\n\n\n<p>A segunda: <strong>se a voz do Pai diz &#8220;Escutai-o&#8221;, a resposta adequada n\u00e3o \u00e9 formar uma opini\u00e3o sobre o que Jesus disse \u2014 \u00e9 obedecer.<\/strong> A f\u00e9 de Abra\u00e3o n\u00e3o foi uma avalia\u00e7\u00e3o intelectual da proposta de Deus. Foi um passo. A f\u00e9 que o monte exige \u00e9 da mesma natureza: n\u00e3o um &#8220;acho que Jesus tinha bons pontos&#8221;, mas &#8220;vou na dire\u00e7\u00e3o que Ele aponta, mesmo sem ver o destino completo.&#8221;<\/p>\n\n\n\n<p>A terceira \u2014 e talvez a mais custosa: <strong>se Jesus \u00e9 quem o monte revela que e<\/strong><\/p>\n\n\n\n<p><strong>le \u00e9, a resposta adequada n\u00e3o \u00e9 inspira\u00e7\u00e3o \u2014 \u00e9 convers\u00e3o.<\/strong> N\u00e3o \u00e9 um &#8220;isso me motiva a ser uma pessoa melhor.&#8221; \u00c9 um &#8220;preciso reorientar tudo em fun\u00e7\u00e3o de quem Ele \u00e9.&#8221; A diferen\u00e7a entre as duas \u00e9 a diferen\u00e7a entre admirar um vitral e sair transformado pela luz que ele deixou entrar.<\/p>\n\n\n\n<hr class=\"wp-block-separator has-alpha-channel-opacity\"\/>\n\n\n\n<p class=\"has-large-font-size\"><strong>A luz ainda atravessa<\/strong><\/p>\n\n\n\n<p>Na Catedral de Col\u00f4nia, a luz vem de fora. Entra pelos vitrais. Ilumina o interior escuro. E quando o sol muda de posi\u00e7\u00e3o ou as nuvens chegam, a luz vai embora e a pedra volta a ser apenas pedra.<\/p>\n\n\n\n<p><strong>No Evangelho, Cristo n\u00e3o \u00e9 algu\u00e9m que recebeu a luz. Ele \u00e9 a Luz. <\/strong>A gl\u00f3ria que resplandeceu no monte n\u00e3o veio de fora \u2014 irrompeu de dentro, porque \u00e9 de l\u00e1 que ela sempre esteve.<\/p>\n\n\n\n<p>O Pai repetiu no monte o que disse no batismo. E repete hoje, para quem tem ouvidos para ouvir: &#8220;Este \u00e9 meu Filho amado. Escutai-o.&#8221;<\/p>\n\n\n\n<p><strong>N\u00e3o armemos tendas. Descemos do monte. Mas n\u00e3o sozinhos \u2014 e n\u00e3o no escuro.<\/strong><\/p>\n\n\n\n<p><em>Senhor, meu socorro vem de ti. Faz-me viver na tua luz.<\/em><\/p>\n","protected":false},"excerpt":{"rendered":"<p>A catedral que parecia um t\u00famulo H\u00e1 cerca de dez anos eu visitei a Catedral de Col\u00f4nia. Por fora, ela \u00e9 um maci\u00e7o de pedra escura. S\u00e9culos de fuligem, de&#8230;<\/p>\n","protected":false},"author":1,"featured_media":32,"comment_status":"closed","ping_status":"closed","sticky":false,"template":"","format":"standard","meta":{"pagelayer_contact_templates":[],"_pagelayer_content":"","_jetpack_memberships_contains_paid_content":false,"footnotes":""},"categories":[3],"tags":[5,12,13,16,14,15],"class_list":["post-19","post","type-post","status-publish","format-standard","has-post-thumbnail","hentry","category-sermoes","tag-anglicanismo","tag-cristianismo","tag-jesus","tag-monte-tabor","tag-salvador","tag-transfiguracao"],"jetpack_featured_media_url":"https:\/\/lexorandi.com.br\/blog\/wp-content\/uploads\/2026\/03\/vitral-scaled-e1772352650831.png","jetpack_sharing_enabled":true,"_links":{"self":[{"href":"https:\/\/lexorandi.com.br\/blog\/wp-json\/wp\/v2\/posts\/19","targetHints":{"allow":["GET"]}}],"collection":[{"href":"https:\/\/lexorandi.com.br\/blog\/wp-json\/wp\/v2\/posts"}],"about":[{"href":"https:\/\/lexorandi.com.br\/blog\/wp-json\/wp\/v2\/types\/post"}],"author":[{"embeddable":true,"href":"https:\/\/lexorandi.com.br\/blog\/wp-json\/wp\/v2\/users\/1"}],"replies":[{"embeddable":true,"href":"https:\/\/lexorandi.com.br\/blog\/wp-json\/wp\/v2\/comments?post=19"}],"version-history":[{"count":12,"href":"https:\/\/lexorandi.com.br\/blog\/wp-json\/wp\/v2\/posts\/19\/revisions"}],"predecessor-version":[{"id":31,"href":"https:\/\/lexorandi.com.br\/blog\/wp-json\/wp\/v2\/posts\/19\/revisions\/31"}],"wp:featuredmedia":[{"embeddable":true,"href":"https:\/\/lexorandi.com.br\/blog\/wp-json\/wp\/v2\/media\/32"}],"wp:attachment":[{"href":"https:\/\/lexorandi.com.br\/blog\/wp-json\/wp\/v2\/media?parent=19"}],"wp:term":[{"taxonomy":"category","embeddable":true,"href":"https:\/\/lexorandi.com.br\/blog\/wp-json\/wp\/v2\/categories?post=19"},{"taxonomy":"post_tag","embeddable":true,"href":"https:\/\/lexorandi.com.br\/blog\/wp-json\/wp\/v2\/tags?post=19"}],"curies":[{"name":"wp","href":"https:\/\/api.w.org\/{rel}","templated":true}]}}