{"id":325,"date":"2026-04-03T05:48:44","date_gmt":"2026-04-03T05:48:44","guid":{"rendered":"https:\/\/lexorandi.com.br\/blog\/?p=325"},"modified":"2026-04-03T05:54:07","modified_gmt":"2026-04-03T05:54:07","slug":"maria-mae-de-deus-e-por-que-seu-pastor-tem-medo-de-dizer-isso","status":"publish","type":"post","link":"https:\/\/lexorandi.com.br\/blog\/maria-mae-de-deus-e-por-que-seu-pastor-tem-medo-de-dizer-isso\/","title":{"rendered":"Maria: M\u00e3e de Deus \u2014 e por que seu pastor tem medo de dizer isso"},"content":{"rendered":"\n<p><strong>I. A palavra que ningu\u00e9m quer dizer<\/strong><\/p>\n\n\n\n<p>Vez ou outra eu sempre termino sendo arrastado por algu\u00e9m para uma quest\u00e3o que n\u00e3o deveria ser pol\u00eamica. A pol\u00eamica se resume numa pergunta: Como assim Maria \u00e9 M\u00e3e de Deus?<\/p>\n\n\n\n<p>Sempre hesito. N\u00e3o porque n\u00e3o saiba a resposta, mas porque j\u00e1 sei o que vai vir depois dela. O franzir de sobrancelha. O <em>&#8220;mas isso n\u00e3o \u00e9 coisa de cat\u00f3lico?&#8221;<\/em> dito com aquela mistura de suspeita e educa\u00e7\u00e3o que o evang\u00e9lico brasileiro desenvolveu ao longo de d\u00e9cadas de fronteiras denominacionais bem guardadas. Hoje em dias as vezes at\u00e9 sem educa\u00e7\u00e3o mesmo. E tenho sempre que explicar tudo do come\u00e7o.<\/p>\n\n\n\n<p>Maria \u00e9 M\u00e3e de Deus. \u00c9 verdade. Vou explicar tudo do come\u00e7o.<\/p>\n\n\n\n<p>A palavra t\u00e9cnica \u00e9 <em>Theotokos<\/em>. Grego, n\u00e3o latim, para mudar um pouco. Significa &#8220;a que deu \u00e0 luz a Deus.&#8221; Em portugu\u00eas: M\u00e3e de Deus. \u00c9 um t\u00edtulo com quinze s\u00e9culos de hist\u00f3ria, confirmado por um conc\u00edlio ecum\u00eanico, aceito por cat\u00f3licos, ortodoxos, anglicanos e todos os outros protestantes, desde sempre. Lutero o usou. Calvino o defendeu. Wesley o abra\u00e7ou. Cranmer o pressup\u00f4s. Todos os fundadores do protestantismo hist\u00f3rico concordam com isso \u2014 e seus herdeiros tamb\u00e9m: luteranos, presbiterianos, metodistas e anglicanos. Nunca foi raz\u00e3o de debate.<\/p>\n\n\n\n<p>E ainda assim sumiu dos p\u00falpitos evang\u00e9licos brasileiros. N\u00e3o por decreto. N\u00e3o por condena\u00e7\u00e3o formal. Simplesmente evaporou \u2014 por associa\u00e7\u00e3o, por medo, por um reflexo que transforma qualquer coisa que soe cat\u00f3lica em suspeita autom\u00e1tica.<\/p>\n\n\n\n<p>O problema \u00e9 que esse reflexo n\u00e3o \u00e9 protestante, nunca foi. \u00c9 moderno, recente. E h\u00e1 uma diferen\u00e7a enorme entre as duas coisas. Uma diferen\u00e7a que merece ser explicada.<\/p>\n\n\n\n<hr class=\"wp-block-separator has-alpha-channel-opacity\"\/>\n\n\n\n<p><strong>II. O protestantismo que voc\u00ea n\u00e3o conhece<\/strong><\/p>\n\n\n\n<p>Existe um teste simples.<\/p>\n\n\n\n<p>Pegue qualquer um dos grandes documentos do protestantismo hist\u00f3rico \u2014 a Confiss\u00e3o de Augsburgo, de Lutero, em 1530; a Confiss\u00e3o de Westminster, dos presbiterianos, em 1646; os Trinta e Nove Artigos anglicanos, de 1563; os Artigos de Religi\u00e3o de Wesley, de 1784 \u2014 e leia ao lado do que sua congrega\u00e7\u00e3o pratica, confessa e ensina. N\u00e3o o que ela diz que acredita. O que ela realmente pratica.<\/p>\n\n\n\n<p>O resultado, para a maioria das igrejas evang\u00e9licas brasileiras, \u00e9 desconcertante.<\/p>\n\n\n\n<p>O protestantismo hist\u00f3rico tem liturgia. N\u00e3o no sentido de ritual vazio \u2014 mas no sentido de que a ordem do culto \u00e9 teol\u00f3gica, n\u00e3o sentimental. H\u00e1 confiss\u00e3o de pecados. H\u00e1 leitura sequencial da Escritura \u2014 n\u00e3o vers\u00edculos isolados escolhidos para ilustrar uma mensagem. H\u00e1 credos recitados em conjunto, porque a f\u00e9 \u00e9 declarada pela comunidade, n\u00e3o apenas sentida individualmente. H\u00e1 uma Ceia do Senhor celebrada com regularidade e com peso sacramental. O culto forma o crente antes de emocionar o crente.<\/p>\n\n\n\n<p>O protestantismo hist\u00f3rico tem s\u00edmbolos. A cruz. A fonte batismal. O p\u00falpito centralizado como sinal de que a Palavra governa. A mesa da Ceia como presen\u00e7a, n\u00e3o como mem\u00f3ria ocasional. Esses s\u00edmbolos n\u00e3o s\u00e3o decora\u00e7\u00e3o \u2014 s\u00e3o teologia encarnada em pedra, madeira e gesto.<\/p>\n\n\n\n<p>O protestantismo hist\u00f3rico tem confiss\u00f5es. Documentos longos, tecnicamente precisos, que dizem com clareza o que se acredita sobre Deus, sobre Cristo, sobre os sacramentos, sobre a salva\u00e7\u00e3o, sobre a Igreja. Documentos que os membros conhecem, que os pastores s\u00e3o ordenados para defender, que funcionam como crit\u00e9rio para distinguir o que \u00e9 f\u00e9 apost\u00f3lica do que \u00e9 opini\u00e3o privada.<\/p>\n\n\n\n<p>O protestantismo hist\u00f3rico tem coragem doutrin\u00e1ria. Lutero foi excomungado por se recusar a recuar. Calvino construiu uma teologia sistem\u00e1tica que n\u00e3o pede desculpas por sua densidade. Wesley percorreu a Inglaterra a cavalo pregando doutrina ao ar livre. Cranmer morreu queimado defendendo o que havia escrito. Esses homens sabiam o que acreditavam e sabiam por qu\u00ea.<\/p>\n\n\n<div class=\"wp-block-image\">\n<figure class=\"aligncenter size-large\"><img loading=\"lazy\" decoding=\"async\" width=\"768\" height=\"1024\" src=\"https:\/\/lexorandi.com.br\/blog\/wp-content\/uploads\/2026\/04\/Sobrepeliz-tippet-768x1024.webp\" alt=\"\" class=\"wp-image-349\" srcset=\"https:\/\/lexorandi.com.br\/blog\/wp-content\/uploads\/2026\/04\/Sobrepeliz-tippet-768x1024.webp 768w, https:\/\/lexorandi.com.br\/blog\/wp-content\/uploads\/2026\/04\/Sobrepeliz-tippet-225x300.webp 225w, https:\/\/lexorandi.com.br\/blog\/wp-content\/uploads\/2026\/04\/Sobrepeliz-tippet.webp 960w\" sizes=\"auto, (max-width: 768px) 100vw, 768px\" \/><figcaption class=\"wp-element-caption\">Se voc\u00ea voltasse numa m\u00e1quina do tempo para o s\u00e9culo XVI e visitasse uma igreja protestante, voc\u00ea n\u00e3o ia ver terno e gravata. Na Inglaterra, voc\u00ea ia ver algu\u00e9m vestido exatamente como eu. Na Su\u00ed\u00e7a e Alemanha, voc\u00ea veria algo bem semelhante. Hoje n\u00e3o \u00e9 diferente. Visite uma igreja protestante hist\u00f3rica e voc\u00ea continuar\u00e1 vendo isso.<\/figcaption><\/figure>\n<\/div>\n\n\n<p>Agora olhe para o que a maioria das igrejas evang\u00e9licas brasileiras oferece.<\/p>\n\n\n\n<p>Cultos constru\u00eddos em torno de experi\u00eancia emocional. M\u00fasicas repetitivas que funcionam como indu\u00e7\u00e3o de estado de esp\u00edrito. Mensagens organizadas em torno de aplica\u00e7\u00e3o pr\u00e1tica e bem-estar pessoal. Aus\u00eancia quase total de credos, confiss\u00f5es ou qualquer documento normativo al\u00e9m de uma declara\u00e7\u00e3o de f\u00e9 gen\u00e9rica de meia p\u00e1gina. Pastores que nunca leram Lutero, nunca ouviram falar de Cranmer, e que identificam protestantismo com o que fazem, porque \u00e9 o \u00fanico protestantismo que conhecem.<\/p>\n\n\n\n<p>Isso n\u00e3o \u00e9 protestantismo hist\u00f3rico. Pode ser muita coisa. Pode ser sincero. Pode ser poderoso. Pode at\u00e9 alcan\u00e7ar pessoas de formas que nenhuma liturgia alcan\u00e7aria. Mas n\u00e3o tem o cheiro do protestantismo hist\u00f3rico. N\u00e3o tem a sua face. N\u00e3o tem os seus documentos. N\u00e3o tem a sua coragem.<\/p>\n\n\n\n<p>E h\u00e1 uma raz\u00e3o hist\u00f3rica para isso.<\/p>\n\n\n\n<p>Boa parte do que o brasileiro chama de &#8220;protestantismo&#8221; n\u00e3o descende dos reformadores do s\u00e9culo XVI. Descende dos avivamentos emocionais do s\u00e9culo XIX dos Estados Unidos, de movimentos que nasceram em oposi\u00e7\u00e3o deliberada \u00e0 formalidade das igrejas hist\u00f3ricas, inclusive e especialmente das igrejas protestantes. Descende de tradi\u00e7\u00f5es que rejeitaram liturgia por consider\u00e1-la fria, confiss\u00f5es por consider\u00e1-las engessadas, e continuidade hist\u00f3rica por consider\u00e1-la desnecess\u00e1ria diante da experi\u00eancia direta do Esp\u00edrito. Movimentos que surgiram na rua, em tendas, em galp\u00f5es \u2014 e que tinham, muitas vezes, como advers\u00e1rio declarado exatamente o protestantismo hist\u00f3rico que dizem representar. O &#8220;protestantismo&#8221; brasileiro em sua maioria \u00e9 essencialmente anti-protestante.<\/p>\n\n\n\n<p>Herdar esse legado n\u00e3o \u00e9 desonra. Mas cham\u00e1-lo de protestantismo hist\u00f3rico \u00e9 imprecis\u00e3o. E imprecis\u00e3o, em teologia, tem consequ\u00eancias.<\/p>\n\n\n\n<p>Pretendo escrever um post dedicado a essa hist\u00f3ria em breve, porque ela merece mais espa\u00e7o do que cabe aqui. Por enquanto, basta o seguinte: quando Lutero, Calvino, Wesley e Cranmer chamavam Maria de M\u00e3e de Deus, n\u00e3o estavam sendo descuidados. N\u00e3o estavam cedendo ao catolicismo. Estavam sendo precisamente o que eram, te\u00f3logos que levavam a cristologia a s\u00e9rio o suficiente para aceitar todas as suas consequ\u00eancias.<\/p>\n\n\n\n<p>Lutero chamava Maria de <em>Mutter Gottes<\/em>, M\u00e3e de Deus, e considerava o t\u00edtulo consequ\u00eancia necess\u00e1ria da f\u00e9 em Cristo. Rejeitar <em>Theotokos<\/em>, para ele, era rejeitar a Encarna\u00e7\u00e3o. Calvino defendeu o t\u00edtulo em seus coment\u00e1rios b\u00edblicos como express\u00e3o correta da doutrina cristol\u00f3gica \u2014 n\u00e3o como devo\u00e7\u00e3o, como doutrina. Wesley, formado na tradi\u00e7\u00e3o patr\u00edstica que tanto amava e que fazia quest\u00e3o de preservar no metodismo, operava dentro de uma f\u00e9 que inclu\u00eda <em>Theotokos<\/em> sem reservas, como parte natural da heran\u00e7a crist\u00e3 dos primeiros s\u00e9culos. Cranmer o pressup\u00f4s em cada ora\u00e7\u00e3o natalina, em cada afirma\u00e7\u00e3o lit\u00fargica da Encarna\u00e7\u00e3o, no fundamento inteiro do Livro de Ora\u00e7\u00e3o Comum.<\/p>\n\n\n\n<p>O protestantismo hist\u00f3rico n\u00e3o tinha medo dessa palavra.<\/p>\n\n\n\n<p>O medo \u00e9 mais recente. E mais raso. Agora voc\u00ea sabe disso.<\/p>\n\n\n\n<hr class=\"wp-block-separator has-alpha-channel-opacity\"\/>\n\n\n\n<p><strong>III. O que \u00e9 um Conc\u00edlio \u2014 e por que voc\u00ea provavelmente j\u00e1 acredita no que eles decidiram<\/strong><\/p>\n\n\n\n<p>Antes de continuar, preciso parar aqui e explicar uma palavra que vai aparecer bastante: <em>Conc\u00edlio<\/em>.<\/p>\n\n\n\n<p>Para muitos evang\u00e9licos, a palavra soa institucional, medieval, papal. Soa como coisa de Roma. N\u00e3o \u00e9.<\/p>\n\n\n\n<p>Um Conc\u00edlio Ecum\u00eanico \u2014 <em>ecum\u00eanico<\/em> vem do grego <em>oikoumene<\/em>, &#8220;o mundo habitado&#8221;, e significa universal \u2014 \u00e9 uma reuni\u00e3o de bispos de toda a Igreja crist\u00e3 para definir, com autoridade coletiva, o que a Escritura ensina sobre uma quest\u00e3o disputada. N\u00e3o \u00e9 o Papa falando sozinho. \u00c9 a Igreja inteira falando junta. Os primeiros grandes Conc\u00edlios aconteceram antes que Roma tivesse qualquer supremacia reconhecida. Aconteceram porque a Igreja precisava de um mecanismo para separar o que era f\u00e9 apost\u00f3lica do que era especula\u00e7\u00e3o privada, ou heresia.<\/p>\n\n\n\n<p>Aqui est\u00e1 o ponto que importa diretamente para voc\u00ea.<\/p>\n\n\n\n<p>Se voc\u00ea acredita que Pai, Filho e Esp\u00edrito Santo s\u00e3o um s\u00f3 Deus \u2014 tr\u00eas Pessoas distintas, coiguais e coeternos \u2014 voc\u00ea acredita numa decis\u00e3o conciliar. A palavra <em>Trindade<\/em> n\u00e3o aparece na B\u00edblia. <em>Consubstancial<\/em> n\u00e3o aparece. A f\u00f3rmula &#8220;tr\u00eas Pessoas, uma subst\u00e2ncia&#8221; n\u00e3o est\u00e1 em nenhum vers\u00edculo. Ela foi articulada pelo Conc\u00edlio de Niceia, em 325, e completada pelo Conc\u00edlio de Constantinopla, em 381, precisamente porque a Igreja precisava dizer com clareza o que a Escritura ensinava contra quem a distorcia.<\/p>\n\n\n\n<p>Voc\u00ea confia nesse trabalho toda vez que afirma a Trindade. Toda vez que diz que Jesus \u00e9 Deus. Toda vez que batiza em nome do Pai, do Filho e do Esp\u00edrito Santo.<\/p>\n\n\n\n<p>Conc\u00edlios n\u00e3o s\u00e3o inven\u00e7\u00e3o papal. S\u00e3o o instrumento que a Igreja primitiva(e moderna) usou para articular a f\u00e9 apost\u00f3lica com precis\u00e3o. E \u00e9 dentro desse mesmo instrumento que <em>Theotokos<\/em> foi definido \u2014 em \u00c9feso, no ano 431, e confirmado em Calced\u00f4nia, em 451.<\/p>\n\n\n\n<p>Se voc\u00ea confia em Niceia, voc\u00ea j\u00e1 est\u00e1 sentado \u00e0 mesma mesa. Voc\u00ea \u00e9 um crist\u00e3o conciliar.<\/p>\n\n\n\n<hr class=\"wp-block-separator has-alpha-channel-opacity\"\/>\n\n\n\n<p><strong>IV. Dois termos que voc\u00ea precisa conhecer<\/strong><\/p>\n\n\n\n<p>Em 431, bispos de todo o mundo crist\u00e3o se reuniram em \u00c9feso. A quest\u00e3o central parecia, \u00e0 primeira vista, apenas terminol\u00f3gica. Como chamar Maria?<\/p>\n\n\n\n<p>De um lado, Nest\u00f3rio, bispo de Constantinopla, propunha <em>Christotokos<\/em>, &#8220;m\u00e3e do Cristo&#8221;, ou <em>anthropotokos<\/em>, &#8220;m\u00e3e do homem.&#8221; Ele n\u00e3o estava tentando diminuir Maria. Estava tentando preservar a distin\u00e7\u00e3o entre as naturezas humana e divina de Jesus. Boas inten\u00e7\u00f5es.<\/p>\n\n\n\n<p>O resultado, por\u00e9m, era desastroso: ao separar t\u00e3o rigidamente as naturezas, Nest\u00f3rio fragmentava o pr\u00f3prio Jesus. Como se houvesse um Jesus humano que Maria gerou e um Logos divino que ela n\u00e3o gerou. Dois Jesuses. Ou um Jesus com pe\u00e7as que n\u00e3o se encaixam. Um Jesus com dist\u00farbio de m\u00faltiplas personalidades.<\/p>\n\n\n\n<p>Do outro lado, Cirilo de Alexandria defendia <em>Theotokos<\/em>, &#8220;M\u00e3e de Deus.&#8221; N\u00e3o porque Maria tivesse gerado a divindade em si mesma. Mas porque a Pessoa que ela gerou \u00e9 divina. E m\u00e3e \u00e9 quem gera uma pessoa, n\u00e3o quem gera uma natureza.<\/p>\n\n\n\n<p>A diferen\u00e7a entre <em>Theotokos<\/em> e <em>Christotokos<\/em> parece t\u00e9cnica. N\u00e3o \u00e9. \u00c9 a diferen\u00e7a entre um Jesus inteiro e um Jesus partido ao meio.<\/p>\n\n\n\n<p>O Conc\u00edlio decidiu por <em>Theotokos<\/em>. Para entender por que essa decis\u00e3o \u00e9 inevit\u00e1vel, precisamos voltar a duas perguntas muito simples.<\/p>\n\n\n\n<hr class=\"wp-block-separator has-alpha-channel-opacity\"\/>\n\n\n\n<p><strong>V. O que significa ser m\u00e3e<\/strong>?<\/p>\n\n\n\n<p>M\u00e3e \u00e9 quem gera e pare num sentido mais objetivo. Existem outros entendimentos de m\u00e3e que n\u00e3o nos cabem discutir aqui por\u00e9m s\u00e3o v\u00e1lidos. Por\u00e9m, nesse momento, nos interessa aqui a quest\u00e3o fisiol\u00f3gica.<\/p>\n\n\n\n<p>Essa n\u00e3o \u00e9 uma defini\u00e7\u00e3o filos\u00f3fica. N\u00e3o exige forma\u00e7\u00e3o teol\u00f3gica. \u00c9 biol\u00f3gica. \u00c9 a defini\u00e7\u00e3o que qualquer pessoa usa quando diz &#8220;ela \u00e9 minha m\u00e3e.&#8221;<\/p>\n\n\n\n<p>Note o que essa defini\u00e7\u00e3o n\u00e3o diz. N\u00e3o diz que m\u00e3e \u00e9 quem gera uma natureza, uma ess\u00eancia, uma caracter\u00edstica. M\u00e3e \u00e9 quem gera e pare <em>uma pessoa<\/em> \u2014 o ser concreto, singular, insubstitu\u00edvel, que veio ao mundo atrav\u00e9s dela.<\/p>\n\n\n\n<p>Quando algu\u00e9m diz &#8220;ela \u00e9 m\u00e3e de um m\u00e9dico&#8221;, n\u00e3o est\u00e1 dizendo que a pessoa gerou a medicina. Quando diz &#8220;ela \u00e9 m\u00e3e de um rei&#8221;, n\u00e3o est\u00e1 dizendo que ela gerou a realeza. A identidade da pessoa determina quem a m\u00e3e \u00e9.<\/p>\n\n\n\n<p>A Escritura j\u00e1 havia chegado l\u00e1 antes dos conc\u00edlios. Quando Isabel, gr\u00e1vida de Jo\u00e3o Batista, encontra Maria gr\u00e1vida de Jesus, ela exclama: <em>&#8220;De onde me vem esta honra, que a m\u00e3e do meu Senhor venha a mim?&#8221;<\/em> (Lucas 1.43). Isabel n\u00e3o disse &#8220;m\u00e3e do homem Jesus.&#8221; N\u00e3o disse &#8220;m\u00e3e do Cristo humano.&#8221; Disse <em>m\u00e3e do meu Senhor<\/em>, usando o t\u00edtulo que o grego <em>Kyrios<\/em> reserva para Deus. A conclus\u00e3o estava ali, s\u00e9culos antes de \u00c9feso articul\u00e1-la.<\/p>\n\n\n\n<p>Essa premissa \u00e9 simples.<\/p>\n\n\n\n<p>O que ela implica no caso de Maria n\u00e3o \u00e9 simples. \u00c9 o in\u00edcio de um argumento sem sa\u00edda.<\/p>\n\n\n\n<hr class=\"wp-block-separator has-alpha-channel-opacity\"\/>\n\n\n\n<p><strong>VI. Quem \u00e9 Jesus desde a concep\u00e7\u00e3o<\/strong><\/p>\n\n\n\n<p>Pense numa crian\u00e7a que acaba de nascer. Antes de qualquer coisa que ela venha a fazer, antes de qualquer t\u00edtulo que venha a receber, ela j\u00e1 \u00e9 quem \u00e9 \u2014 uma pessoa concreta, com identidade pr\u00f3pria, presente no mundo desde a concep\u00e7\u00e3o. O que ela \u00e9 n\u00e3o come\u00e7a no batismo, n\u00e3o come\u00e7a na escola, n\u00e3o come\u00e7a na vida adulta. Come\u00e7a no ventre.<\/p>\n\n\n\n<p>A f\u00e9 crist\u00e3 \u2014 n\u00e3o a opini\u00e3o de uma denomina\u00e7\u00e3o, mas o credo compartilhado por cat\u00f3licos, ortodoxos, anglicanos e pelo protestantismo hist\u00f3rico \u2014 afirma que Jesus Cristo \u00e9 verdadeiro Deus e verdadeiro homem. Uma \u00fanica Pessoa. Duas naturezas distintas, a divina e a humana, que existem sem confus\u00e3o, sem mudan\u00e7a, sem divis\u00e3o e sem separa\u00e7\u00e3o. O nome t\u00e9cnico para isso \u00e9 <em>Uni\u00e3o Hipost\u00e1tica<\/em>.<\/p>\n\n\n\n<p>Quando essa uni\u00e3o aconteceu?<\/p>\n\n\n\n<p>Na concep\u00e7\u00e3o. N\u00e3o no batismo. N\u00e3o na ressurrei\u00e7\u00e3o. Na concep\u00e7\u00e3o. O Filho eterno de Deus assumiu natureza humana no ventre de Maria \u2014 e desde aquele instante, Jesus \u00e9 exatamente o que sempre ser\u00e1.<\/p>\n\n\n\n<p>A Encarna\u00e7\u00e3o \u2014 do latim(oba, latim) <em>in carne<\/em>, tornar-se carne \u2014 \u00e9 isso: o Verbo tornando-se carne. N\u00e3o habitando uma carne separada. N\u00e3o emprestando uma humanidade que n\u00e3o \u00e9 sua. Tornando-se carne. Assumindo humanidade como sua, de forma real e permanente.<\/p>\n\n\n\n<p>O que Maria carregou em seu ventre n\u00e3o era um ser humano que mais tarde se tornaria divino. Era o Filho eterno de Deus, encarnado. As naturezas s\u00e3o distintas \u2014 a divina permanece divina, a humana permanece humana \u2014 mas a Pessoa que as possui \u00e9 uma s\u00f3, Jesus. E essa Pessoa esteve no ventre de Maria desde a concep\u00e7\u00e3o.<\/p>\n\n\n\n<hr class=\"wp-block-separator has-alpha-channel-opacity\"\/>\n\n\n\n<p><strong>VII. A conclus\u00e3o que ningu\u00e9m consegue evitar<\/strong><\/p>\n\n\n\n<p>Temos duas premissas.<\/p>\n\n\n\n<p>Primeira: m\u00e3e \u00e9 quem gera e pare uma pessoa. Segunda: Jesus \u00e9 uma \u00fanica Pessoa com duas naturezas, divina e humana, configurada como tal desde a concep\u00e7\u00e3o.<\/p>\n\n\n\n<p>A conclus\u00e3o \u00e9 inevit\u00e1vel: Maria gerou e pariu essa Pessoa. Essa Pessoa \u00e9 o Filho de Deus encarnado. Logo, Maria \u00e9 M\u00e3e de Deus.<\/p>\n\n\n\n<p>N\u00e3o M\u00e3e da divindade em abstrato. M\u00e3e dessa Pessoa,que \u00e9 divina.<\/p>\n\n\n\n<p>Quem quiser negar o t\u00edtulo precisa negar uma das premissas. E a\u00ed come\u00e7a o problema.<\/p>\n\n\n\n<p>Se Maria n\u00e3o \u00e9 M\u00e3e de Deus, ent\u00e3o o que ela pariu n\u00e3o era Deus. O que significa que a divindade entrou em Jesus em outro momento \u2014 no batismo, na ressurrei\u00e7\u00e3o, em algum ponto posterior \u00e0 concep\u00e7\u00e3o. Isso \u00e9 uma heresia bem conhecida: adocionismo. Ela afirma que Jesus foi &#8220;adotado&#8221; como Filho de Deus depois de nascer. Condenada pelos pr\u00f3prios reformadores.<\/p>\n\n\n\n<p>Ou ent\u00e3o a divindade nunca esteve realmente unida \u00e0 humanidade. Coexistia com ela, de fora, sem verdadeira uni\u00e3o. Isso \u00e9 outra heresia bem conhecida: nestorianismo. Ela afirma dois sujeitos num \u00fanico corpo: O Cristo humano que Maria gerou e o Logos divino que ela n\u00e3o gerou. Condenado em \u00c9feso \u2014 e rejeitado por Lutero, Calvino, Wesley e Cranmer.<\/p>\n\n\n\n<p>Ou ent\u00e3o Jesus n\u00e3o era verdadeiramente humano. A carne era apar\u00eancia, o nascimento era ilus\u00e3o. Isso \u00e9 tamb\u00e9m uma outra heresia conhecid\u00edssima da antiguidade: docetismo \u2014 do grego <em>dokein<\/em>, &#8220;parecer.&#8221; Ela afirmava que Jesus apenas parecia ser homem. Condenada antes de qualquer Conc\u00edlio, j\u00e1 nas cartas de Jo\u00e3o.<\/p>\n\n\n\n<p>A quarta op\u00e7\u00e3o \u00e9 afirmar que em Jesus n\u00e3o h\u00e1 nada divino. Parab\u00e9ns, o cristianismo acabou.<\/p>\n\n\n\n<p>N\u00e3o h\u00e1 quinta op\u00e7\u00e3o. Esse \u00e9 o fim da linha.<\/p>\n\n\n\n<p>Ou Maria \u00e9 M\u00e3e de Deus, ou uma dessas heresias est\u00e1 sendo abra\u00e7ada em sil\u00eancio \u2014 pelo pastor que preferiu n\u00e3o entrar no assunto, pela congrega\u00e7\u00e3o que aprendeu que Maria \u00e9 assunto de cat\u00f3lico e que protestante n\u00e3o fala nisso. N\u00e3o tem como fugir. E n\u00e3o precisamos fugir.<\/p>\n\n\n\n<hr class=\"wp-block-separator has-alpha-channel-opacity\"\/>\n\n\n\n<p><strong>VIII. &#8220;Mas o Filho \u00e9 eterno \u2014 Maria n\u00e3o pode ser m\u00e3e de quem existia antes dela&#8221;<\/strong><\/p>\n\n\n\n<p>Imagine que algu\u00e9m lhe diga que conhece o presidente de uma empresa h\u00e1 trinta anos \u2014 desde antes da empresa existir. Voc\u00ea pergunta: mas como ele pode ser presidente de algo que ainda n\u00e3o existia? A resposta \u00e9 simples: ele n\u00e3o se tornou <em>ele<\/em> quando a empresa foi fundada. Ele j\u00e1 era quem era. O que come\u00e7ou foi a empresa \u2014 e com ela, o cargo. A pessoa preexiste ao papel que assume.<\/p>\n\n\n\n<p>O racioc\u00ednio se aplica, com as devidas diferen\u00e7as, \u00e0 obje\u00e7\u00e3o sobre a eternidade do Filho.<\/p>\n\n\n\n<p>O Filho eterno existia antes de Maria, antes do tempo, antes de qualquer coisa criada. Ela n\u00e3o o originou em sua divindade. N\u00e3o \u00e9 anterior a Ele. A obje\u00e7\u00e3o tem uma intui\u00e7\u00e3o verdadeira: o Filho n\u00e3o come\u00e7ou a existir no ventre de Maria.<\/p>\n\n\n\n<p>Mas h\u00e1 duas perguntas distintas sendo confundidas aqui.<\/p>\n\n\n\n<p><em>Quem \u00e9 o Filho?<\/em> E <em>quando o Filho come\u00e7ou a existir como homem?<\/em><\/p>\n\n\n\n<p>Maria n\u00e3o responde \u00e0 primeira pergunta. O Filho eterno n\u00e3o come\u00e7ou a existir no ventre de Maria. Mas come\u00e7ou a existir <em>como homem<\/em> naquele ventre. At\u00e9 aquele momento, o Filho era Deus, mas n\u00e3o era homem. A Encarna\u00e7\u00e3o \u00e9 exatamente esse come\u00e7o: o in\u00edcio da exist\u00eancia humana do Filho eterno.<\/p>\n\n\n\n<p>\u00c9 desse come\u00e7o que Maria \u00e9 m\u00e3e.<\/p>\n\n\n\n<p>Quem nasceu naquele momento nunca foi outra coisa sen\u00e3o o Filho eterno. Ela n\u00e3o \u00e9 m\u00e3e de um aspecto de Jesus. \u00c9 m\u00e3e de Jesus. E Jesus \u00e9 Deus.<\/p>\n\n\n\n<hr class=\"wp-block-separator has-alpha-channel-opacity\"\/>\n\n\n\n<p><strong>IX. &#8220;Isso n\u00e3o \u00e9 mitologia pag\u00e3? Deuses que t\u00eam m\u00e3es s\u00e3o deuses pag\u00e3os&#8221;<\/strong><\/p>\n\n\n\n<p>A intui\u00e7\u00e3o por tr\u00e1s dessa obje\u00e7\u00e3o \u00e9 correta: o Deus de Israel n\u00e3o \u00e9 gerado. N\u00e3o tem origem. N\u00e3o come\u00e7a.<\/p>\n\n\n\n<p>Mas h\u00e1 uma diferen\u00e7a fundamental entre a mitologia pag\u00e3 e a f\u00e9 crist\u00e3, e ela \u00e9 exatamente o que impede que <em>Theotokos<\/em> seja mitologia.<\/p>\n\n\n\n<p>Nos mitos pag\u00e3os, os deuses t\u00eam m\u00e3es porque s\u00e3o gerados <em>em sua divindade<\/em>. H\u00e9rcules \u00e9 filho de Zeus com uma mulher mortal e herda a divindade biologicamente. A gera\u00e7\u00e3o transmite natureza divina. O deus come\u00e7a a existir como deus no momento do nascimento.<\/p>\n\n\n\n<p>Na Encarna\u00e7\u00e3o, nada disso acontece. A divindade do Filho n\u00e3o foi transmitida biologicamente por Maria. Ela \u00e9 eterna, inata, incriada. O que entrou no mundo pelo nascimento foi a humanidade do Filho eterno. Mas essa humanidade nunca existiu separada d&#8217;Ele, nem por um instante.<\/p>\n\n\n\n<p>Nos mitos, a divindade tem origem. Na f\u00e9 crist\u00e3, a divindade \u00e9 eterna, e o que tem origem \u00e9 a humanidade do Filho eterno.<\/p>\n\n\n\n<p>Maria n\u00e3o gerou um deus. Gerou o Filho de Deus como ser humano.<\/p>\n\n\n\n<p>N\u00e3o \u00e9 mitologia. \u00c9 Encarna\u00e7\u00e3o.<\/p>\n\n\n\n<hr class=\"wp-block-separator has-alpha-channel-opacity\"\/>\n\n\n\n<p><strong>X. &#8220;Mas o Conc\u00edlio foi manipulado por Cirilo&#8221;<\/strong><\/p>\n\n\n\n<p>\u00c9 verdade que Cirilo de Alexandria foi um operador pol\u00edtico habilidoso. \u00c9 verdade que o Conc\u00edlio de \u00c9feso teve irregularidades. Cirilo abriu as sess\u00f5es antes da chegada da delega\u00e7\u00e3o que apoiava Nest\u00f3rio. Houve press\u00e3o, manobra, jogo de poder. Os historiadores registram tudo isso sem romantismo.<\/p>\n\n\n\n<p>Mas a validade de um argumento n\u00e3o depende do car\u00e1ter de quem o apresenta.<\/p>\n\n\n\n<p>O argumento de Cirilo \u2014 que <em>Theotokos<\/em> preserva a unidade da Pessoa de Cristo, enquanto <em>Christotokos<\/em> a fragmenta \u2014 n\u00e3o se sustenta porque Cirilo era honesto. Sustenta-se porque \u00e9 logicamente correto. A manipula\u00e7\u00e3o pol\u00edtica contamina o processo. N\u00e3o contamina a l\u00f3gica.<\/p>\n\n\n\n<p>E h\u00e1 um dado que encerra a discuss\u00e3o: vinte anos depois de \u00c9feso, o Conc\u00edlio de Calced\u00f4nia \u2014 em 451, com composi\u00e7\u00e3o diferente, sem Cirilo, que havia morrido anos antes \u2014 confirmou <em>Theotokos<\/em>. N\u00e3o estava a servi\u00e7o de Cirilo. Estava a servi\u00e7o da f\u00e9.<\/p>\n\n\n\n<p>Questionar o processo de \u00c9feso \u00e9 leg\u00edtimo. Mas n\u00e3o resolve o problema. A doutrina sobreviveu a \u00c9feso. Sobreviveu a Cirilo. Sobrevive porque o argumento se sustenta sozinho.<\/p>\n\n\n\n<hr class=\"wp-block-separator has-alpha-channel-opacity\"\/>\n\n\n\n<p><strong>XI. &#8220;Isso abre a porta para o catolicismo romano&#8221;<\/strong><\/p>\n\n\n\n<p>Aqui est\u00e1 a obje\u00e7\u00e3o real. A que est\u00e1 por tr\u00e1s de todas as outras.<\/p>\n\n\n\n<p>O medo n\u00e3o \u00e9 teol\u00f3gico. \u00c9 associativo. <em>Theotokos<\/em> soa coisas associadas ao catolicismo romano que o protestantismo rejeitou(e rejeita) com raz\u00e3o. E ent\u00e3o a rea\u00e7\u00e3o \u00e9 recuar, abandonar o t\u00edtulo para n\u00e3o parecer que se est\u00e1 caminhando em dire\u00e7\u00e3o a Roma.<\/p>\n\n\n\n<p>A distin\u00e7\u00e3o precisa ser feita com precis\u00e3o cir\u00fargica. Uma igreja n\u00e3o pode basear sua identidade em n\u00e3o ser uma outra igreja. Ela precisa basear sua identidade na f\u00e9 apost\u00f3lica. O zelo em n\u00e3o ser cat\u00f3lico romano leva muita gente \u00e0 heresia involunt\u00e1ria ao rejeitar at\u00e9 aquilo que os cat\u00f3licos romanos arcertaram e que os protestantes nunca discordaram.<\/p>\n\n\n\n<p><em>Theotokos<\/em> \u00e9 doutrina cristol\u00f3gica do s\u00e9culo V. Ela n\u00e3o diz nada sobre a Imaculada Concei\u00e7\u00e3o, dogma definido por Roma em 1854. N\u00e3o diz nada sobre a Assun\u00e7\u00e3o corporal de Maria, dogma definido por Roma em 1950. N\u00e3o diz nada sobre media\u00e7\u00e3o mariana, corredentora, ou qualquer outro desenvolvimento da mariologia romana medieval e moderna. Esses dogmas vieram s\u00e9culos depois. Alguns, mais de um mil\u00eanio depois.<\/p>\n\n\n\n<p><em>Theotokos<\/em> diz uma coisa, e apenas uma: que a Pessoa gerada por Maria \u00e9 divina. \u00c9 uma afirma\u00e7\u00e3o sobre Jesus. N\u00e3o sobre Maria. Como toda boa teologia, as coisas terminam em Jesus.<\/p>\n\n\n\n<p>O anglicanismo faz essa distin\u00e7\u00e3o h\u00e1 s\u00e9culos. Essas decis\u00f5es s\u00e3o normativas para a f\u00e9. N\u00e3o \u00e9 opcional. <em>Theotokos<\/em> est\u00e1 incluso. A mariologia romana posterior n\u00e3o encontra lugar nas formula\u00e7\u00f5es anglicanas. Os 39 Artigos e o Livro de Ora\u00e7\u00e3o Comum preservam a correta tradi\u00e7\u00e3o sem os acr\u00e9scimos medievais e modernos.<\/p>\n\n\n\n<p>\u00c9 poss\u00edvel chamar Maria de M\u00e3e de Deus sem aceitar os dogmas romanos posteriores. \u00c9 poss\u00edvel honrar o t\u00edtulo conciliar sem adotar uma mariologia tridentina. \u00c9 preciso se queremos acertar a nossa cristologia.<\/p>\n\n\n\n<p>A porta n\u00e3o leva necessariamente para Roma. Leva para \u00c9feso. E \u00c9feso \u00e9 territ\u00f3rio de toda a Igreja crist\u00e3 \u2014 inclusive do protestantismo hist\u00f3rico que muitos evang\u00e9licos brasileiros dizem herdar, mas raramente conhecem.<\/p>\n\n\n\n<hr class=\"wp-block-separator has-alpha-channel-opacity\"\/>\n\n\n\n<p><strong>XII. O que perdemos com o sil\u00eancio<\/strong><\/p>\n\n\n\n<p>O pastor que evita o t\u00edtulo n\u00e3o est\u00e1 sendo mais protestante.<\/p>\n\n\n\n<p>Est\u00e1 sendo menos protestante, menos ortodoxo, menos evang\u00e9lico, menos apost\u00f3lico. Ele est\u00e1 contribuindo para o enfraquecimento da f\u00e9, para a dilui\u00e7\u00e3o da doutrina.<\/p>\n\n\n\n<p><em>Theotokos<\/em> e cristologia calced\u00f4nica s\u00e3o o mesmo argumento em dois idiomas. Quem n\u00e3o consegue dizer &#8220;M\u00e3e de Deus&#8221; com precis\u00e3o provavelmente n\u00e3o consegue explicar a Encarna\u00e7\u00e3o com precis\u00e3o. E cristologia imprecisa n\u00e3o \u00e9 mod\u00e9stia teol\u00f3gica. \u00c9 d\u00e9ficit teol\u00f3gico.<\/p>\n\n\n\n<p>O sil\u00eancio tem custo. O fiel que nunca ouviu o argumento est\u00e1 desarmado diante das heresias antigas que voltam com roupas novas \u2014 o Jesus apenas humano dos liberais, o Jesus apenas espiritual de certas correntes carism\u00e1ticas, o Jesus adotado pelo Esp\u00edrito no batismo de tantas teologias mal fundamentadas. Essas posi\u00e7\u00f5es prosperaram exatamente onde a cristologia n\u00e3o foi ensinada.<\/p>\n\n\n\n<p>Maria n\u00e3o \u00e9 o centro dessa discuss\u00e3o. Jesus \u00e9.<\/p>\n\n\n\n<p><em>Theotokos<\/em> \u00e9, antes de qualquer outra coisa, uma prote\u00e7\u00e3o da f\u00e9 em Cristo \u2014 uma cerca colocada ao redor da afirma\u00e7\u00e3o de que o Filho eterno se tornou verdadeiramente humano, nasceu de uma mulher, foi embalado e amamentado e cresceu, sem que nada disso diminu\u00edsse quem Ele \u00e9.<\/p>\n\n\n\n<p>Quinze s\u00e9culos de crist\u00e3os \u2014 de tradi\u00e7\u00f5es, l\u00ednguas e contextos radicalmente diferentes \u2014 consideraram esse t\u00edtulo necess\u00e1rio. N\u00e3o como devo\u00e7\u00e3o opcional. Como doutrina.<\/p>\n\n\n\n<p>Lutero sabia. Calvino sabia. Wesley sabia. Cranmer sabia.<\/p>\n\n\n\n<p>Talvez seja hora de a palavra voltar ao p\u00falpito. Dizer que Maria \u00e9 M\u00e3e de Deus n\u00e3o d\u00f3i.<\/p>\n\n\n\n<p>Esclarece.<\/p>\n","protected":false},"excerpt":{"rendered":"<p>I. A palavra que ningu\u00e9m quer dizer Vez ou outra eu sempre termino sendo arrastado por algu\u00e9m para uma quest\u00e3o que n\u00e3o deveria ser pol\u00eamica. A pol\u00eamica se resume numa&#8230;<\/p>\n","protected":false},"author":1,"featured_media":326,"comment_status":"closed","ping_status":"closed","sticky":false,"template":"","format":"standard","meta":{"pagelayer_contact_templates":[],"_pagelayer_content":"","_jetpack_memberships_contains_paid_content":false,"footnotes":""},"categories":[2],"tags":[5,12,26,45,13,44,42,47,46,7,14,43,20],"class_list":["post-325","post","type-post","status-publish","format-standard","has-post-thumbnail","hentry","category-artigos","tag-anglicanismo","tag-cristianismo","tag-escritura","tag-evangelico","tag-jesus","tag-mae-de-deus","tag-maria","tag-protestante","tag-protestantismo","tag-reforma","tag-salvador","tag-theotokos","tag-tradicao"],"jetpack_featured_media_url":"https:\/\/lexorandi.com.br\/blog\/wp-content\/uploads\/2026\/04\/Gemini_Generated_Image_g8c9e5g8c9e5g8c9-scaled-e1775192228759.png","jetpack_sharing_enabled":true,"_links":{"self":[{"href":"https:\/\/lexorandi.com.br\/blog\/wp-json\/wp\/v2\/posts\/325","targetHints":{"allow":["GET"]}}],"collection":[{"href":"https:\/\/lexorandi.com.br\/blog\/wp-json\/wp\/v2\/posts"}],"about":[{"href":"https:\/\/lexorandi.com.br\/blog\/wp-json\/wp\/v2\/types\/post"}],"author":[{"embeddable":true,"href":"https:\/\/lexorandi.com.br\/blog\/wp-json\/wp\/v2\/users\/1"}],"replies":[{"embeddable":true,"href":"https:\/\/lexorandi.com.br\/blog\/wp-json\/wp\/v2\/comments?post=325"}],"version-history":[{"count":94,"href":"https:\/\/lexorandi.com.br\/blog\/wp-json\/wp\/v2\/posts\/325\/revisions"}],"predecessor-version":[{"id":421,"href":"https:\/\/lexorandi.com.br\/blog\/wp-json\/wp\/v2\/posts\/325\/revisions\/421"}],"wp:featuredmedia":[{"embeddable":true,"href":"https:\/\/lexorandi.com.br\/blog\/wp-json\/wp\/v2\/media\/326"}],"wp:attachment":[{"href":"https:\/\/lexorandi.com.br\/blog\/wp-json\/wp\/v2\/media?parent=325"}],"wp:term":[{"taxonomy":"category","embeddable":true,"href":"https:\/\/lexorandi.com.br\/blog\/wp-json\/wp\/v2\/categories?post=325"},{"taxonomy":"post_tag","embeddable":true,"href":"https:\/\/lexorandi.com.br\/blog\/wp-json\/wp\/v2\/tags?post=325"}],"curies":[{"name":"wp","href":"https:\/\/api.w.org\/{rel}","templated":true}]}}