{"id":8,"date":"2026-02-25T09:46:48","date_gmt":"2026-02-25T09:46:48","guid":{"rendered":"https:\/\/lexorandi.com.br\/blog\/?p=8"},"modified":"2026-02-25T09:46:48","modified_gmt":"2026-02-25T09:46:48","slug":"lutero-calvino-e-cranmer","status":"publish","type":"post","link":"https:\/\/lexorandi.com.br\/blog\/lutero-calvino-e-cranmer\/","title":{"rendered":"Lutero, Calvino e\u2026 Cranmer?"},"content":{"rendered":"\n<p>Fui recentemente \u00e0 <strong>Consci\u00eancia Crist\u00e3<\/strong>, aqui em Campina Grande. N\u00e3o fui para as plen\u00e1rias \u2014 faz d\u00e9cadas que n\u00e3o acompanho isso. Fui pela feira de livros. Eu gosto de feira de livros do mesmo jeito que gosto de loja de tecnologia: entro para &#8220;dar uma olhada&#8221; e saio com coisas suficientes para montar um pequeno altar dom\u00e9stico de culpas futuras.<\/p>\n\n\n\n<p>Mas preciso ser honesto: <strong>eu me senti um pouco esquisito em estar ali.<\/strong><\/p>\n\n\n\n<p>O evento carrega um ru\u00eddo p\u00fablico que n\u00e3o \u00e9 pequeno. Nos anos anteriores, a Consci\u00eancia Crist\u00e3 ganhou notoriedade pelo convite \u2014 e posterior cancelamento \u2014 de um palestrante estrangeiro acusado de fazer uma leitura que ameniza a escravid\u00e3o no Sul dos Estados Unidos. N\u00e3o vou entrar nos detalhes dessa hist\u00f3ria porque meu objetivo n\u00e3o \u00e9 transformar um texto sobre livros numa disputa sobre eventos. Mas tamb\u00e9m n\u00e3o consigo fingir que esse contexto n\u00e3o existe, porque ele levanta uma quest\u00e3o que me importa de verdade: se a nossa teologia pode ser sofisticada e ainda assim cega para o \u00f3bvio moral, ent\u00e3o o problema \u00e9 de forma\u00e7\u00e3o \u2014 n\u00e3o apenas intelectual, mas de car\u00e1ter.<\/p>\n\n\n\n<p>Com esse desconforto no bolso, fui fazer o que fui fazer.<\/p>\n\n\n\n<hr class=\"wp-block-separator has-alpha-channel-opacity\"\/>\n\n\n\n<h2 class=\"wp-block-heading\">O que eu vi na feira<\/h2>\n\n\n\n<p>Olhei livros. Observei o que as pessoas procuram quando t\u00eam diante de si uma feira inteira de op\u00e7\u00f5es. E uma impress\u00e3o veio como um estalo.<\/p>\n\n\n\n<p>O card\u00e1pio era o esperado: muito <strong>Lutero<\/strong>, muito <strong>Calvino<\/strong>, teologia reformada em geral. Autores angl\u00f3fonos como <strong>C. S. Lewis<\/strong>, <strong>John Stott<\/strong>, <strong>J. I. Packer<\/strong>. At\u00e9 a\u00ed, nada surpreendente.<\/p>\n\n\n\n<p>Mas havia algo a mais: <strong>uma procura consider\u00e1vel por B\u00edblias com tradu\u00e7\u00e3o ou est\u00e9tica inspiradas na King James Version<\/strong> \u2014 aquela linguagem cl\u00e1ssica, solene, com a gravidade de quem carrega s\u00e9culos nas costas. E isso me disse algo.<\/p>\n\n\n\n<p>Porque voc\u00ea n\u00e3o desenvolve esse tipo de gosto do nada. Ele vem de algum lugar. De uma heran\u00e7a cultural e eclesial muito espec\u00edfica.<\/p>\n\n\n\n<hr class=\"wp-block-separator has-alpha-channel-opacity\"\/>\n\n\n\n<h2 class=\"wp-block-heading\">Os frutos s\u00e3o amados. A \u00e1rvore, ignorada.<\/h2>\n\n\n\n<p>Vamos ao ponto central deste texto:<\/p>\n\n\n\n<p><strong>O evangelicalismo brasileiro ama profundamente os frutos do mundo anglicano \u2014 e age como se essa \u00e1rvore n\u00e3o existisse.<\/strong><\/p>\n\n\n\n<p>Quando um evang\u00e9lico brasileiro compra Lewis, Stott e Packer, ele n\u00e3o est\u00e1 pensando: <em>&#8220;estou levando tr\u00eas autores formados dentro de um universo crist\u00e3o de l\u00edngua inglesa moldado, por s\u00e9culos, pelo anglicanismo.&#8221;<\/em> Ele est\u00e1 pensando: <em>&#8220;esses caras s\u00e3o bons.&#8221;<\/em><\/p>\n\n\n\n<p>E eles s\u00e3o bons mesmo. Mas h\u00e1 um detalhe que raramente aparece: <strong>C. S. Lewis era anglicano. John Stott era anglicano. J. I. Packer era anglicano.<\/strong> Essa identidade some na hora em que os livros cruzam a fronteira. O autor vira um item neutro, como se tivesse sido produzido num laborat\u00f3rio sem hist\u00f3ria, sem denomina\u00e7\u00e3o, sem tradi\u00e7\u00e3o. O termo em latim para isso \u00e9 <strong><em>Creatio ex nihilo<\/em><\/strong>. O termo em latim \u00e9 s\u00f3 para mostrar o meu \u00ednfimo vocabul\u00e1rio(que n\u00e3o vai muito al\u00e9m disso).<\/p>\n\n\n\n<p>A mesma coisa acontece com a KJV, a <strong><em>King James Version<\/em><\/strong>. Ela n\u00e3o \u00e9 apenas &#8220;uma B\u00edblia famosa&#8221;. Ela \u00e9 um documento anglicano. Nasceu numa Inglaterra marcada pela Reforma, por conflitos religiosos e por uma preocupa\u00e7\u00e3o muito concreta: <strong>formar um povo pela Palavra e pela ora\u00e7\u00e3o p\u00fablica<\/strong>. Ela \u00e9 produto direto da tradi\u00e7\u00e3o que Elizabeth, Cranmer e os reformadores ingleses constru\u00edram \u2014 com sangue, ex\u00edlio e f\u00e9. Buscar uma &#8220;KJV em portugu\u00eas&#8221; \u00e9, quase sempre sem saber, buscar uma experi\u00eancia devocional de matriz anglicana.<\/p>\n\n\n\n<hr class=\"wp-block-separator has-alpha-channel-opacity\"\/>\n\n\n\n<h2 class=\"wp-block-heading\">Escola dominical. Hin\u00e1rio. Miss\u00e3o. Tudo isso tem endere\u00e7o.<\/h2>\n\n\n\n<p>O apagamento n\u00e3o para nos livros. Ele est\u00e1 nas pr\u00e1ticas mais cotidianas do evangelicalismo brasileiro.<\/p>\n\n\n\n<p><strong>A escola dominical<\/strong> parece ter existido desde sempre. Mas ela tem data, rosto e inten\u00e7\u00e3o. O nome mais citado \u00e9 o de <strong>Robert Raikes (1736\u20131811)<\/strong>, mas vale mencionar tamb\u00e9m <strong>Hanna Ball (1734\u20131792)<\/strong>, metodista anglicana, que desenvolveu trabalho semelhante antes dele. A escola dominical nasce dentro do universo angl\u00f3fono \u2014 e, em boa medida, dentro da \u00f3rbita anglicana, direta ou indiretamente via metodismo.<\/p>\n\n\n\n<p><strong>O hin\u00e1rio congregacional<\/strong> que tantas igrejas brasileiras cantam tem a mesma raiz. A tradi\u00e7\u00e3o de hinos devocionais que atravessaram o Atl\u00e2ntico \u2014 de <strong>Charles Wesley<\/strong> a <strong>Isaac Watts<\/strong>, ambos inseridos no ecossistema do protestantismo brit\u00e2nico \u2014 chegou ao Brasil embalada em miss\u00e3o. Miss\u00e3o angl\u00f3fona.<\/p>\n\n\n\n<p>E \u00e9 aqui que o argumento se fecha: <strong>o evangelicalismo brasileiro, em grande parte, \u00e9 filho de miss\u00f5es angl\u00f3fonas<\/strong>. E miss\u00f5es n\u00e3o exportam apenas doutrinas. Elas exportam h\u00e1bitos. Como se ensina. Como se canta. Como se organiza o discipulado. O que se considera &#8220;ser uma igreja saud\u00e1vel&#8221;. Quais autores viram refer\u00eancia. Qual B\u00edblia carrega prest\u00edgio.<\/p>\n\n\n\n<p>Tudo isso chegou de um ambiente marcado \u2014 direta ou indiretamente \u2014 pelo anglicanismo. E esse fato raramente \u00e9 nomeado.<\/p>\n\n\n\n<hr class=\"wp-block-separator has-alpha-channel-opacity\"\/>\n\n\n\n<h2 class=\"wp-block-heading\">&#8220;A Reforma foi na Alemanha e na Su\u00ed\u00e7a&#8221;\u2026 e a Inglaterra fica onde?<\/h2>\n\n\n\n<p>A forma como o evangelicalismo brasileiro conta a hist\u00f3ria da Reforma \u00e9 funcional. Mas \u00e9 curta demais. O mapa tem dois marcadores:<\/p>\n\n\n\n<ul class=\"wp-block-list\">\n<li><strong>Alemanha:<\/strong> Lutero.<\/li>\n\n\n\n<li><strong>Su\u00ed\u00e7a:<\/strong> Calvino.<\/li>\n<\/ul>\n\n\n\n<p>O resto vira rodap\u00e9.<\/p>\n\n\n\n<p>Esse recorte cria um apagamento s\u00e9rio. Ele torna invis\u00edvel uma parte inteira do processo reformador \u2014 aquela que moldou o cristianismo de l\u00edngua inglesa e, por consequ\u00eancia, moldou bastante do protestantismo que chegou ao Brasil.<\/p>\n\n\n\n<p>Onde est\u00e3o <strong>Thomas Cranmer<\/strong>, que reformou n\u00e3o apenas doutrina mas a estrutura da ora\u00e7\u00e3o e da vida lit\u00fargica \u2014 formando gera\u00e7\u00f5es pelo ritmo da f\u00e9, n\u00e3o apenas pelo conte\u00fado? Onde est\u00e1 <strong>Richard Hooker<\/strong>, que articulou uma teologia de profundidade e equil\u00edbrio raro, decisiva para entender o temperamento anglicano? Onde est\u00e3o os m\u00e1rtires ingleses que enfrentaram persegui\u00e7\u00e3o e morte numa \u00e9poca em que a teologia n\u00e3o era debate de sala, mas quest\u00e3o de sobreviv\u00eancia?<\/p>\n\n\n\n<p>E onde est\u00e1 o dado mais simples de todos: <strong>o anglicanismo \u00e9 hoje a terceira maior denomina\u00e7\u00e3o crist\u00e3 do mundo<\/strong>, presente em mais de 165 pa\u00edses, com cerca de 85 milh\u00f5es de fi\u00e9is. Isso n\u00e3o \u00e9 uma curiosidade. Isso \u00e9 o resultado de uma das reformas mais bem-sucedidas em termos de alcance, perman\u00eancia e influ\u00eancia cultural que o mundo crist\u00e3o j\u00e1 viu.<\/p>\n\n\n\n<p>Uma reforma que o evangelicalismo brasileiro herdou \u2014 e frequentemente n\u00e3o reconhece.<\/p>\n\n\n\n<p>\u00c9 como morar numa casa constru\u00edda por tr\u00eas arquitetos e lembrar o nome de apenas dois.<\/p>\n\n\n\n<hr class=\"wp-block-separator has-alpha-channel-opacity\"\/>\n\n\n\n<h2 class=\"wp-block-heading\">Para quem \u00e9 anglicano ou episcopal: este texto \u00e9 especialmente para voc\u00ea<\/h2>\n\n\n\n<p>Aqui eu deixo de ser analista e falo diretamente.<\/p>\n\n\n\n<p>Se voc\u00ea \u00e9 anglicano ou episcopal no Brasil, voc\u00ea carrega uma heran\u00e7a que vai muito al\u00e9m do que \u00e9 vis\u00edvel no dia a dia. A sua tradi\u00e7\u00e3o formou a biblioteca que os evang\u00e9licos brasileiros leem sem saber a origem. A sua liturgia moldou o ritmo devocional que chegou aqui pelas miss\u00f5es. A sua B\u00edblia \u00e9 a que tantos buscam pela est\u00e9tica sem entender de onde ela vem.<\/p>\n\n\n\n<p>E por isso eu quero fazer um convite direto: <strong>vista o seu anglicanismo com mais convic\u00e7\u00e3o.<\/strong><\/p>\n\n\n\n<p>N\u00e3o como arrog\u00e2ncia denominacional. N\u00e3o como disputa de quem tem a tradi\u00e7\u00e3o mais nobre. Mas como consci\u00eancia hist\u00f3rica \u2014 e como responsabilidade.<\/p>\n\n\n\n<p>Quando voc\u00ea nomeia Cranmer numa conversa, voc\u00ea est\u00e1 devolvendo ao mapa um nome que foi apagado. Quando voc\u00ea apresenta Lewis ou Stott como anglicanos, n\u00e3o apenas como &#8220;autores crist\u00e3os&#8221;, voc\u00ea est\u00e1 dando contexto onde havia v\u00e1cuo. Quando voc\u00ea fala sobre a Reforma inglesa com a mesma naturalidade com que se fala de Lutero e Calvino, voc\u00ea est\u00e1 corrigindo uma narrativa incompleta que prejudica a todos.<\/p>\n\n\n\n<p><strong>A Reforma n\u00e3o aconteceu s\u00f3 em dois lugares. Ela aconteceu tamb\u00e9m na Inglaterra. E os frutos dessa reforma est\u00e3o por toda parte no protestantismo brasileiro \u2014 esperando ser reconhecidos.<\/strong><\/p>\n\n\n\n<p>Leve essa ideia adiante. Nas conversas, nos grupos, nas igrejas. N\u00e3o como tese acad\u00eamica, mas como mem\u00f3ria viva. Porque mem\u00f3ria, para a igreja, n\u00e3o \u00e9 luxo: \u00e9 parte do discipulado.<\/p>\n\n\n\n<p>E talvez o primeiro passo seja simplesmente dizer, com clareza e sem vergonha:<\/p>\n\n\n\n<p><strong>Sim, al\u00e9m de Lutero e Calvino\u2026 tamb\u00e9m houve Cranmer.<\/strong><\/p>\n","protected":false},"excerpt":{"rendered":"<p>Fui recentemente \u00e0 Consci\u00eancia Crist\u00e3, aqui em Campina Grande. N\u00e3o fui para as plen\u00e1rias \u2014 faz d\u00e9cadas que n\u00e3o acompanho isso. Fui pela feira de livros. Eu gosto de feira&#8230;<\/p>\n","protected":false},"author":1,"featured_media":18,"comment_status":"open","ping_status":"open","sticky":false,"template":"","format":"standard","meta":{"pagelayer_contact_templates":[],"_pagelayer_content":"","_jetpack_memberships_contains_paid_content":false,"footnotes":""},"categories":[2],"tags":[5,9,8,10,7,6,11],"class_list":["post-8","post","type-post","status-publish","format-standard","has-post-thumbnail","hentry","category-artigos","tag-anglicanismo","tag-escola-dominical","tag-evangelicalismo","tag-kjv","tag-reforma","tag-richard-hooker","tag-thomas-cranmer"],"jetpack_featured_media_url":"https:\/\/lexorandi.com.br\/blog\/wp-content\/uploads\/2026\/02\/Gemini_Generated_Image_r7u8n9r7u8n9r7u8-e1772012769624.png","jetpack_sharing_enabled":true,"_links":{"self":[{"href":"https:\/\/lexorandi.com.br\/blog\/wp-json\/wp\/v2\/posts\/8","targetHints":{"allow":["GET"]}}],"collection":[{"href":"https:\/\/lexorandi.com.br\/blog\/wp-json\/wp\/v2\/posts"}],"about":[{"href":"https:\/\/lexorandi.com.br\/blog\/wp-json\/wp\/v2\/types\/post"}],"author":[{"embeddable":true,"href":"https:\/\/lexorandi.com.br\/blog\/wp-json\/wp\/v2\/users\/1"}],"replies":[{"embeddable":true,"href":"https:\/\/lexorandi.com.br\/blog\/wp-json\/wp\/v2\/comments?post=8"}],"version-history":[{"count":9,"href":"https:\/\/lexorandi.com.br\/blog\/wp-json\/wp\/v2\/posts\/8\/revisions"}],"predecessor-version":[{"id":17,"href":"https:\/\/lexorandi.com.br\/blog\/wp-json\/wp\/v2\/posts\/8\/revisions\/17"}],"wp:featuredmedia":[{"embeddable":true,"href":"https:\/\/lexorandi.com.br\/blog\/wp-json\/wp\/v2\/media\/18"}],"wp:attachment":[{"href":"https:\/\/lexorandi.com.br\/blog\/wp-json\/wp\/v2\/media?parent=8"}],"wp:term":[{"taxonomy":"category","embeddable":true,"href":"https:\/\/lexorandi.com.br\/blog\/wp-json\/wp\/v2\/categories?post=8"},{"taxonomy":"post_tag","embeddable":true,"href":"https:\/\/lexorandi.com.br\/blog\/wp-json\/wp\/v2\/tags?post=8"}],"curies":[{"name":"wp","href":"https:\/\/api.w.org\/{rel}","templated":true}]}}