{"id":83,"date":"2026-03-17T00:29:29","date_gmt":"2026-03-17T00:29:29","guid":{"rendered":"https:\/\/lexorandi.com.br\/blog\/?p=83"},"modified":"2026-03-17T00:29:29","modified_gmt":"2026-03-17T00:29:29","slug":"diacono-padre-bispo-reverendo-ou-pastor-um-guia-para-os-termos-da-vida-eclesiastica","status":"publish","type":"post","link":"https:\/\/lexorandi.com.br\/blog\/diacono-padre-bispo-reverendo-ou-pastor-um-guia-para-os-termos-da-vida-eclesiastica\/","title":{"rendered":"Di\u00e1cono, Padre, Bispo, Reverendo ou Pastor? Um Guia para os Termos da Vida Eclesi\u00e1stica"},"content":{"rendered":"\n<p>Outro dia, numa conversa ap\u00f3s o culto, algu\u00e9m me perguntou: &#8220;Mas afinal, qual \u00e9 a diferen\u00e7a entre um padre e um presb\u00edtero?&#8221; A resposta, como quase sempre na vida, \u00e9 que depende e essa depend\u00eancia revela s\u00e9culos de hist\u00f3ria, teologia e, n\u00e3o raramente, alguma confus\u00e3o perfeitamente razo\u00e1vel.<\/p>\n\n\n\n<p>A vida da Igreja acumulou, ao longo de dois mil\u00eanios, uma quantidade consider\u00e1vel de termos para descrever seus ministros, l\u00edderes e pessoas consagradas. Alguns desses termos descrevem <em>ordens<\/em> \u2014 posi\u00e7\u00f5es formais na estrutura ministerial da Igreja. Outros s\u00e3o <em>t\u00edtulos<\/em>, formas de tratamento ou honra que n\u00e3o implicam necessariamente uma ordem. Outros ainda descrevem <em>formas de vida<\/em>, de voca\u00e7\u00f5es \u00e0 vida mon\u00e1stica ou religiosa que existem paralelamente ao minist\u00e9rio ordenado.<\/p>\n\n\n\n<p>Neste post, vamos percorrer cada um desses termos. Usarei a tradi\u00e7\u00e3o anglicana, e especificamente a Igreja Episcopal Anglicana do Brasil (IEAB), como ponto de refer\u00eancia central, as vezes fazendo compara\u00e7\u00f5es com outras tradi\u00e7\u00f5es crist\u00e3s quando for \u00fatil para clarificar as diferen\u00e7as.<\/p>\n\n\n\n<hr class=\"wp-block-separator has-alpha-channel-opacity\"\/>\n\n\n\n<h2 class=\"wp-block-heading\">O Leigo<\/h2>\n\n\n\n<p>Antes de falarmos de ordens, t\u00edtulos e formas de vida consagrada, vale parar um momento para nomear aquilo que todas essas categorias pressup\u00f5em: a distin\u00e7\u00e3o entre o <em>clero<\/em> e o <em>laicato<\/em>.<\/p>\n\n\n\n<p><em>Leigo<\/em> vem do grego <em>laikos<\/em>, derivado de <em>laos<\/em>, &#8220;povo&#8221;. O leigo \u00e9 o membro do povo de Deus que n\u00e3o recebeu ordena\u00e7\u00e3o. N\u00e3o se trata de uma categoria menor ou deficit\u00e1ria: na teologia anglicana, o leigo \u00e9 batizado, incorporado ao Corpo de Cristo, e participa plenamente da miss\u00e3o da Igreja. A distin\u00e7\u00e3o clero\/laicato \u00e9 de <em>fun\u00e7\u00e3o<\/em>, n\u00e3o de dignidade. O minist\u00e9rio ordenado existe a servi\u00e7o do povo, n\u00e3o acima dele.<\/p>\n\n\n\n<p>Na IEAB, os leigos participam ativamente do governo da Igreja \u2014 nos conselhos  de miss\u00e3o, juntas paroquiais, secetarias, nos conselhos diocesanos, conc\u00edlios e no s\u00ednodo entre outros. Isso reflete a convic\u00e7\u00e3o anglicana de que a Igreja \u00e9 governada conjuntamente por bispos, clero e leigos.<\/p>\n\n\n\n<p>Vale mencionar o <em>ministro leigo<\/em>, equivalente ao <em>lay reader<\/em> ou <em>licensed lay minister<\/em> da tradi\u00e7\u00e3o anglicana angl\u00f3fona. \u00c9 um leigo treinado e licenciado pelo bispo para fun\u00e7\u00f5es lit\u00fargicas espec\u00edficas, que podem incluir presidir o Of\u00edcio Di\u00e1rio, pregar e, em alguns contextos, distribuir a comunh\u00e3o de esp\u00e9cies previamente consagradas. N\u00e3o se trata de uma ordena\u00e7\u00e3o sacramental, mas de uma comiss\u00e3o para o servi\u00e7o lit\u00fargico da comunidade.<\/p>\n\n\n\n<p>Mencionamos o Of\u0129cio Di\u00e1rio e as esp\u00e9cias previamente consagradas. Isso \u00e9 outra coisa que precisamos conversar.<\/p>\n\n\n\n<hr class=\"wp-block-separator has-alpha-channel-opacity\"\/>\n\n\n\n<h2 class=\"wp-block-heading\">Os Cultos Anglicanos: Eucaristia e Of\u00edcio Di\u00e1rio<\/h2>\n\n\n\n<p>Para entender as vestimentas que descreveremos adiante, \u00e9 preciso primeiro entender os dois contextos lit\u00fargicos principais da vida anglicana.<\/p>\n\n\n\n<p>A <em>Eucaristia<\/em> (tamb\u00e9m chamada de Santa Ceia ou Comunh\u00e3o, conforme o contexto) \u00e9 o culto central do cristianismo anglicano, no qual se proclama a Palavra de Deus e se parte o p\u00e3o e se bebe o vinho em mem\u00f3ria, sacrif\u00edcio de nosso louvor e adora\u00e7\u00e3o e comunh\u00e3o com Cristo. \u00c9 o culto mais solene da tradi\u00e7\u00e3o anglicana, presidido sempre por um presb\u00edtero ou bispo, e \u00e9 nele que as vestimentas lit\u00fargicas s\u00e3o mais completas. Na IEAB, a Eucaristia \u00e9 o culto dominical t\u00edpico.<\/p>\n\n\n\n<p>O <em>Of\u00edcio Di\u00e1rio<\/em> \u00e9 a ora\u00e7\u00e3o lit\u00fargica estruturada ao longo do dia \u2014 Ora\u00e7\u00e3o da Manh\u00e3, Ora\u00e7\u00e3o do Meio Dia, Completas, etc. \u00c9 um culto de Palavra e ora\u00e7\u00e3o, sem a celebra\u00e7\u00e3o eucar\u00edstica, com uma configura\u00e7\u00e3o mais simples, o que se reflete tamb\u00e9m nas vestimentas de quem o preside. O Of\u00edcio Di\u00e1rio pode ser presidido por um di\u00e1cono, um presb\u00edtero, um bispo ou mesmo por um ministro leigo licenciado. Aparece com maior frequ\u00eancia em comunidades com vida lit\u00fargica mais desenvolvida, em mosteiros e comunidades religiosas, em pequenos grupos pouco estabelecidos ou em ocasi\u00f5es espec\u00edficas do calend\u00e1rio.<\/p>\n\n\n\n<hr class=\"wp-block-separator has-alpha-channel-opacity\"\/>\n\n\n\n<h2 class=\"wp-block-heading\">As Vestimentas Base<\/h2>\n\n\n\n<p>Antes de falar dos tra\u00e7os visuais espec\u00edficos de cada ordem, \u00e9 \u00fatil entender a base comum a todos os que ministram nos cultos anglicanos.<\/p>\n\n\n\n<p>No dia a dia, o sinal mais vis\u00edvel do minist\u00e9rio ordenado \u00e9 o <em>clergyman<\/em> (cl\u00e9sima), o colarinho clerical branco sobre fundo preto, as vezes coberto e as vezes completo. Nos cultos, a pe\u00e7a base \u00e9 a <em>batina<\/em>, a veste longa e escura usada por baixo de tudo o mais que \u00e9 uma heran\u00e7a das vestes t\u00edpicas da \u00e9poca do pr\u00f3prio Cristo.<\/p>\n\n\n\n<p>Para a Eucaristia, sobre a batina usa-se a <em>alva<\/em>, uma t\u00fanica branca longa que vai at\u00e9 os p\u00e9s, e sobre ela as vestimentas pr\u00f3prias de cada ordem.<\/p>\n\n\n\n<p>Para o Of\u00edcio Di\u00e1rio, o conjunto base \u00e9 diferente: sobre a batina usa-se a <em>sobrepeliz<\/em>, uma t\u00fanica branca mais curta e geralmente com gola redonda e franzida no anglicanismo, e sobre ela o <em>tippet<\/em>, uma faixa larga de tecido que cai sobre os ombros e desce pela frente. O tippet n\u00e3o \u00e9 a estola: \u00e9 mais largo, n\u00e3o tem significado sacramental, e sua cor \u00e9 deliberadamente informativa. O tippet <em>azul<\/em> identifica o ministro leigo licenciado. O tippet <em>preto<\/em> \u00e9 usado pelos ministros ordenados \u2014 di\u00e1conos, presb\u00edteros e bispos. Essa distin\u00e7\u00e3o crom\u00e1tica \u00e9 simples e elegante: num relance, qualquer pessoa na congrega\u00e7\u00e3o consegue saber se quem preside o Of\u00edcio \u00e9 um leigo licenciado ou um ministro ordenado.<\/p>\n\n\n\n<p>Al\u00e9m disso, o <em>tippet<\/em> tem uma origem bem inglesa: a vida acad\u00eamica. Existem mais influ\u00eancias acad\u00eamicas na maneira anglicana de se vestir mas n\u00e3o vamos tocar muito nesse assunto para n\u00e3o nos estendermos demais.<\/p>\n\n\n\n<p>Na pr\u00e1tica e em muitos ambientes, a alva e a sobrepeliz s\u00e3o amplamente permut\u00e1veis. Lembrem-se disso porque \u00e9 comum ver isso acontecer.<\/p>\n\n\n\n<hr class=\"wp-block-separator has-alpha-channel-opacity\"\/>\n\n\n\n<h2 class=\"wp-block-heading\">Parte I: As Ordens do Minist\u00e9rio Ordenado<\/h2>\n\n\n\n<p>As igrejas que preservam o minist\u00e9rio ordenado hist\u00f3rico \u2014 anglicanos, cat\u00f3licos romanos, ortodoxos e algumas igrejas luteranas e metodistas \u2014 reconhecem uma estrutura de ordens que remonta aos primeiros s\u00e9culos do cristianismo. Na tradi\u00e7\u00e3o anglicana, essas ordens s\u00e3o tr\u00eas: o diaconato, o presbiterato e o episcopado.<\/p>\n\n\n\n<p>Um detalhe fundamental sobre a l\u00f3gica dessas ordens: ao receber uma nova ordem, o ministro n\u00e3o abandona a anterior. As ordens se acumulam. O di\u00e1cono que \u00e9 ordenado presb\u00edtero continua sendo di\u00e1cono, e agora \u00e9 tamb\u00e9m presb\u00edtero. O presb\u00edtero que \u00e9 ordenado bispo carrega as tr\u00eas ordens. Isso tem consequ\u00eancias pr\u00e1ticas e teol\u00f3gicas: um bispo pode exercer fun\u00e7\u00f5es diaconais numa celebra\u00e7\u00e3o, por exemplo, porque ele <em>\u00e9<\/em> di\u00e1cono. N\u00e3o est\u00e1 improvisando, est\u00e1 exercendo uma ordem que recebeu e nunca perdeu.<\/p>\n\n\n\n<p>Na IEAB, isso \u00e9 refor\u00e7ado pela aus\u00eancia da <em>ordena\u00e7\u00e3o per saltum<\/em> (sempre latim): a pr\u00e1tica, existente em algumas tradi\u00e7\u00f5es hist\u00f3ricas, de ordenar algu\u00e9m diretamente ao presbiterato ou ao episcopado sem passar pelas ordens anteriores. Na nossa Igreja, quem \u00e9 ordenado presb\u00edtero foi antes ordenado di\u00e1cono; quem \u00e9 ordenado bispo foi antes ordenado presb\u00edtero. A sequ\u00eancia \u00e9 garantida, o que significa que todo bispo da IEAB carrega, de fato e n\u00e3o apenas simbolicamente, as tr\u00eas ordens do minist\u00e9rio apost\u00f3lico.<\/p>\n\n\n\n<hr class=\"wp-block-separator has-alpha-channel-opacity\"\/>\n\n\n\n<h3 class=\"wp-block-heading\">Di\u00e1cono<\/h3>\n\n\n\n<p>A palavra <em>di\u00e1cono<\/em> vem do grego <em>diakonos<\/em>, que significa &#8220;servo&#8221; ou &#8220;ministro&#8221;. No Novo Testamento, o termo aparece com diferentes nuances, mas desde o s\u00e9culo II passou a designar uma ordem espec\u00edfica dentro da estrutura eclesial.<\/p>\n\n\n\n<p>Na IEAB, o diaconato \u00e9 uma ordem pr\u00f3pria e completa em si mesma \u2014 n\u00e3o um degrau obrigat\u00f3rio para o presbiterato. Um di\u00e1cono \u00e9 ordenado di\u00e1cono, e permanece di\u00e1cono para sempre. Ser ordenado di\u00e1cono n\u00e3o garante nem pressup\u00f5e a ordena\u00e7\u00e3o presbiteral. O chamado a cada ordem \u00e9 discernido separadamente.<\/p>\n\n\n\n<p>Isso significa que a figura do chamado <em>di\u00e1cono permanente<\/em>, muito enfatizada na Igreja Cat\u00f3lica Romana, onde foi restaurada como categoria distinta ap\u00f3s o Conc\u00edlio Vaticano I, n\u00e3o faz o mesmo sentido no anglicanismo. Na IEAB, todo di\u00e1cono \u00e9, por defini\u00e7\u00e3o, di\u00e1cono permanente, mesmo que um dia decida pedir a ordena\u00e7\u00e3o presbiteral. N\u00e3o h\u00e1 dois tipos de di\u00e1cono: h\u00e1 simplesmente o di\u00e1cono, aquele que foi ordenado a essa ordem e nela serve.<\/p>\n\n\n\n<p>O di\u00e1cono pode proclamar o Evangelho, pregar, assistir na distribui\u00e7\u00e3o da Santa Comunh\u00e3o e exercer minist\u00e9rio pastoral. A voca\u00e7\u00e3o diaconal \u00e9 marcadamente voltada para o servi\u00e7o: ao altar, \u00e0 Palavra e, especialmente, aos pobres e marginalizados. O di\u00e1cono \u00e9, em certo sentido, o ministro que aponta para fora, para o mundo.<\/p>\n\n\n\n<p><strong>Como reconhec\u00ea-lo no culto<\/strong><\/p>\n\n\n\n<p>O sinal distintivo do di\u00e1cono \u00e9 a <em>estola<\/em> usada de forma diagonal \u2014 ela atravessa o corpo do ombro esquerdo at\u00e9 o lado direito. Essa posi\u00e7\u00e3o diagonal \u00e9 o que diferencia o di\u00e1cono de qualquer outro ministro ordenado.<\/p>\n\n\n\n<p>Na Eucaristia, o di\u00e1cono usa alva e estola diagonal. Em alguns contextos de alta-Igreja, pode usar tamb\u00e9m a <em>dalm\u00e1tica<\/em>, uma veste com mangas largas usada sobre a alva, mas na realidade da IEAB ela \u00e9 pouco comum e frequentemente ausente. As vezes voc\u00ea pode me ver usando uma que recebi de presente do Rev. Edson.<\/p>\n\n\n\n<p>No Of\u00edcio Di\u00e1rio, o di\u00e1cono usa batina, sobrepeliz e tippet preto.<\/p>\n\n\n\n<hr class=\"wp-block-separator has-alpha-channel-opacity\"\/>\n\n\n\n<h3 class=\"wp-block-heading\">Presb\u00edtero<\/h3>\n\n\n\n<p><em>Presb\u00edtero<\/em> vem do grego <em>presbyteros<\/em>, que significa &#8220;anci\u00e3o&#8221;. \u00c9 um dos termos mais antigos do vocabul\u00e1rio eclesial crist\u00e3o, com ra\u00edzes diretas no Novo Testamento (cf. At 14.23; Tt 1.5; Tg 5.14).<\/p>\n\n\n\n<p>Na tradi\u00e7\u00e3o anglicana, o presb\u00edtero \u00e9 o ministro que preside a Eucaristia, proclama e prega a Palavra, administra os sacramentos, pronuncia a absolvi\u00e7\u00e3o e a b\u00ean\u00e7\u00e3o em nome da Igreja, e exerce o cuidado pastoral da comunidade a ele confiada. Como vimos, o presb\u00edtero carrega tamb\u00e9m a ordem diaconal, e pode e deve exerc\u00ea-la quando a ocasi\u00e3o assim o pede.<\/p>\n\n\n\n<p>Uma das confus\u00f5es mais comuns: <em>presb\u00edtero<\/em> e <em>padre<\/em> s\u00e3o, na pr\u00e1tica, a mesma coisa? Na Igreja Anglicana e na Igreja Cat\u00f3lica Romana, sim. A diferen\u00e7a est\u00e1 na palavra em si. &#8220;Padre&#8221; \u00e9 uma forma vernacular que deriva de <em>pater<\/em> (pai). &#8220;Presb\u00edtero&#8221; \u00e9 o termo t\u00e9cnico-teol\u00f3gico que preserva a liga\u00e7\u00e3o com o vocabul\u00e1rio neotestament\u00e1rio. Voltaremos a essa distin\u00e7\u00e3o na se\u00e7\u00e3o sobre t\u00edtulos. <\/p>\n\n\n\n<p><strong>Como reconhec\u00ea-lo no culto<\/strong><\/p>\n\n\n\n<p>O sinal distintivo do presb\u00edtero \u00e9 a <em>estola<\/em> usada reta, ela cai diretamente sobre os dois ombros, descendo paralela na frente. Estola reta, sobre os dois ombros: esse \u00e9 o sinal do presb\u00edtero. N\u00e3o foi sempre assim. O sinal tradicional do presb\u00edtero era uma estola cruzada. Descia reta dos ombros e fazia um &#8220;X&#8221; no centro do corpo. A estola plenamente reta era o sinal do bispo. \u00c9 importante dizer isso porque alguns presb\u00edteros ainda a usam dessa forma.<\/p>\n\n\n\n<p>Na Eucaristia, sobre a alva e a estola, o presb\u00edtero pode usar a <em>casula<\/em>, a veste exterior que cobre quase todo o corpo, a pe\u00e7a mais caracter\u00edstica da presid\u00eancia eucar\u00edstica. Na realidade da IEAB, por\u00e9m, a casula \u00e9 frequentemente ausente. Nesses casos, o presb\u00edtero preside apenas com alva e estola \u2014 um conjunto simples, mas completamente v\u00e1lido dentro da tradi\u00e7\u00e3o anglicana.<\/p>\n\n\n\n<p>No Of\u00edcio Di\u00e1rio, o presb\u00edtero usa batina, sobrepeliz e tippet preto.<\/p>\n\n\n\n<hr class=\"wp-block-separator has-alpha-channel-opacity\"\/>\n\n\n\n<h3 class=\"wp-block-heading\">Sacerdote<\/h3>\n\n\n\n<p><em>Sacerdote<\/em> vem do latim <em>sacerdos<\/em> (mais latim!), aquele que oferece o sacrif\u00edcio sagrado. \u00c9 um termo de peso teol\u00f3gico consider\u00e1vel, e sua presen\u00e7a no vocabul\u00e1rio anglicano n\u00e3o \u00e9 acidental.<\/p>\n\n\n\n<p>O <em>Book of Common Prayer<\/em> de Thomas Cranmer (1549) usa a palavra inglesa <em>priest<\/em> para a segunda ordem do minist\u00e9rio ordenado, palavra que em portugu\u00eas pode ser traduzida tanto como &#8220;sacerdote&#8221; quanto como &#8220;presb\u00edtero&#8221;. Essa ambiguidade foi deliberada: Cranmer queria preservar a continuidade com a ordem hist\u00f3rica da Igreja sem adotar integralmente a teologia sacrificial medieval, nem rejeit\u00e1-la na dire\u00e7\u00e3o calvinista. O anglicanismo afirma uma teologia sacrificial da eucaristia, por\u00e9m n\u00e3o aos moldes romanos. O sacrif\u0129cio \u00e9 do nosso louvor, adora\u00e7\u00e3o e a\u00e7\u00e3o de gra\u00e7as, de n\u00f3s mesmos de certa forma. Veja esse trecho da ora\u00e7\u00e3o eucar\u00edstica presente no Rito 1 do nosso LOC que fala exatamente disso: &#8220;E aqui te apresentamos, \u00f3 Senhor, a oferta de n\u00f3s mesmos&#8221; (Livro de Ora\u00e7\u00e3o Comum, p. 300).<\/p>\n\n\n\n<p>No anglicanismo, &#8220;sacerdote&#8221; tende a ser o termo preferido em contextos de alta-Igreja, onde se enfatiza a fun\u00e7\u00e3o eucar\u00edstica e a continuidade com o sacerd\u00f3cio hist\u00f3rico da Igreja. Em contextos de baixa-Igreja, onde se prefere sublinhar a prega\u00e7\u00e3o e o minist\u00e9rio da Palavra, &#8220;presb\u00edtero&#8221; ou &#8220;pastor&#8221; s\u00e3o mais comuns. Na IEAB, os dois usos coexistem, e ambos s\u00e3o leg\u00edtimos. Estamos sempre falando da mesma ordem; a diferen\u00e7a \u00e9 de \u00eanfase teol\u00f3gica.<\/p>\n\n\n\n<hr class=\"wp-block-separator has-alpha-channel-opacity\"\/>\n\n\n\n<h3 class=\"wp-block-heading\">Bispo<\/h3>\n\n\n\n<p>O <em>bispo<\/em> \u2014 do grego <em>episkopos<\/em>, &#8220;superintendente&#8221; ou &#8220;supervisor&#8221; \u2014 \u00e9 a terceira e mais plena ordem do minist\u00e9rio ordenado nas tradi\u00e7\u00f5es que preservam o episcopado hist\u00f3rico. Como vimos, o bispo carrega as tr\u00eas ordens: \u00e9 di\u00e1cono, presb\u00edtero e bispo.<\/p>\n\n\n\n<p>O bispo \u00e9 o ministro da ordem e da unidade: \u00e9 ele quem ordena di\u00e1conos e presb\u00edteros, quem preside a confirma\u00e7\u00e3o, quem governa a diocese. Na eclesiologia anglicana, o bispo \u00e9 o elo de continuidade hist\u00f3rica com o minist\u00e9rio apost\u00f3lico, uma convic\u00e7\u00e3o conhecida como <em>sucess\u00e3o apost\u00f3lica<\/em>. Essa continuidade n\u00e3o \u00e9 meramente administrativa: para o anglicanismo, ela expressa a identidade da Igreja como uma comunidade que atravessa o tempo, enraizada no testemunho apost\u00f3lico.<\/p>\n\n\n\n<p>Na IEAB, cada diocese \u00e9 presidida por um bispo diocesano. O l\u00edder da Igreja como um todo \u00e9 o <em>Bispo Primaz<\/em>, n\u00e3o &#8220;arcebispo&#8221;, t\u00edtulo que a IEAB n\u00e3o utiliza. O Bispo Primaz \u00e9, em termos de ordem, simplesmente um bispo com responsabilidade primacial sobre a prov\u00edncia. Nesse momento n\u00f3s temos uma bispa primaz, a Reverend\u00edssima Marinez Rosa dos Santos Bassotto, bispa da Diocese Anglicana da Amaz\u00f4nia.<\/p>\n\n\n\n<p>Nas tradi\u00e7\u00f5es que rejeitam o episcopado hist\u00f3rico, como as denomina\u00e7\u00f5es pentecostais e neopentecostais, n\u00e3o existe a figura do bispo nesse sentido sacramental e sucessional. Algumas dessas igrejas usam o t\u00edtulo &#8220;bispo&#8221;, mas com um significado funcional e administrativo, sem a teologia da sucess\u00e3o apost\u00f3lica que o termo carrega no anglicanismo, no catolicismo e nas tradi\u00e7\u00f5es ortodoxas.<\/p>\n\n\n\n<p><strong>Como reconhec\u00ea-lo no culto<\/strong><\/p>\n\n\n\n<p>O bispo compartilha a base com o presb\u00edtero \u2014 e acrescenta elementos pr\u00f3prios que o identificam de imediato.<\/p>\n\n\n\n<p>O mais ic\u00f4nico \u00e9 a <em>mitra<\/em>, o chap\u00e9u pontiagudo usado durante a Eucaristia e em ocasi\u00f5es solenes, retirado durante as ora\u00e7\u00f5es e o serm\u00e3o. O segundo \u00e9 o <em>b\u00e1culo<\/em>, o cajado pastoral, s\u00edmbolo do bispo como pastor do rebanho. Em um sentido geral, o bispo \u00e9 o pastor da igreja (diocese) e os outros pastores trabalham a partir do seu pastorado.<\/p>\n\n\n\n<p>Na Eucaristia, o bispo usa alva, estola reta e capa de asperges, um grande manto semicircular, ou, em alguns contextos, a casula episcopal. A <em>cruz peitoral<\/em>, uma cruz suspensa por corrente sobre o peito, e o <em>anel episcopal<\/em> completam o conjunto e s\u00e3o usados em todas as ocasi\u00f5es, lit\u00fargicas ou n\u00e3o.<\/p>\n\n\n\n<p>No Of\u00edcio Di\u00e1rio, o sinal mais imediato do bispo \u00e9 a <em>batina roxa<\/em>, reservada aos bispos na tradi\u00e7\u00e3o anglicana. Sobre ela, usa-se a <em>roquete<\/em> (uma sobrepeliz de mangas estreitas, distinta da sobrepeliz comum) e a <em>chamarra<\/em> \u2014 um manto sem mangas, geralmente vermelho ou preto, caracter\u00edstico do uso  anglicano. Esse conjunto \u2014 batina roxa, roquete e chamarra \u2014 \u00e9 o que se v\u00ea num bispo da IEAB em ordena\u00e7\u00f5es, confirma\u00e7\u00f5es e reuni\u00f5es sinodais. Em Of\u00edcios mais simples, o bispo pode tamb\u00e9m usar o conjunto padr\u00e3o de sobrepeliz e tippet preto sobre a batina roxa.<\/p>\n\n\n\n<p>Nesse caso, tamb\u00e9m \u00e9 bastante comum ver o conjunto batina, roquete e chamarra sendo usado na eucaristia ou em outras ocasi\u00f5es solenes.<\/p>\n\n\n\n<hr class=\"wp-block-separator has-alpha-channel-opacity\"\/>\n\n\n\n<h2 class=\"wp-block-heading\">Parte II: T\u00edtulos e Formas de Tratamento<\/h2>\n\n\n\n<p>Nem todos os termos eclesi\u00e1sticos descrevem uma ordem. Muitos s\u00e3o <em>t\u00edtulos<\/em> \u2014 formas de tratamento que expressam respeito, fun\u00e7\u00e3o ou posi\u00e7\u00e3o dentro da estrutura da Igreja \u2014 sem que impliquem uma ordem diferente das tr\u00eas que vimos acima.<\/p>\n\n\n\n<h3 class=\"wp-block-heading\">Padre<\/h3>\n\n\n\n<p>&#8220;Padre&#8221; \u00e9 uma forma vernacular derivada do latim <em>pater<\/em> (pai), usada como t\u00edtulo de tratamento para ministros ordenados nas tradi\u00e7\u00f5es cat\u00f3lica romana e anglicana. Recentemente, &#8220;madre&#8221; tem sido usado em alguns contextos para as reverendas como t\u00edtulo equivalente.<\/p>\n\n\n\n<p>No anglicanismo &#8220;padre&#8221; \u00e9 usado para presb\u00edteros, mas tamb\u00e9m, ainda que menos frequentemente, para di\u00e1conos e pastores. O t\u00edtulo tornou-se cada vez mais natural na IEAB ao longo dos anos, especialmente em contextos de alta-Igreja, e hoje circula sem maior estranhamento em muitas comunidades. O t\u00edtulo mais comum na IEAB continua sendo <em>Reverendo<\/em>, mas &#8220;padre&#8221; coexiste com ele com cada vez mais legitimidade.<\/p>\n\n\n\n<h3 class=\"wp-block-heading\">Reverendo<\/h3>\n\n\n\n<p><em>Reverendo<\/em> \u2014 do latim <em>reverendus<\/em>, &#8220;digno de rever\u00eancia&#8221; \u2014 \u00e9 tecnicamente um adjetivo usado como t\u00edtulo de tratamento para ministros ordenados em v\u00e1rias tradi\u00e7\u00f5es crist\u00e3s. N\u00e3o designa uma ordem espec\u00edfica: um di\u00e1cono, um presb\u00edtero e um bispo podem todos ser chamados de &#8220;Reverendo&#8221;. Geralmente, no caso dos bispos, usa-se &#8220;Reverend\u00edssimo&#8221;.<\/p>\n\n\n\n<p>Na IEAB, &#8220;Reverendo&#8221; \u00e9 o t\u00edtulo padr\u00e3o e o mais amplamente utilizado para ministros ordenados. No uso popular brasileiro, &#8220;Reverendo&#8221; tornou-se associado sobretudo aos ministros das tradi\u00e7\u00f5es protestantes <em>mainline<\/em> \u2014 presbiterianos, metodistas, anglicanos \u2014 embora tecnicamente seja apenas um t\u00edtulo honor\u00edfico de tratamento aplic\u00e1vel a qualquer ministro ordenado.<\/p>\n\n\n\n<h3 class=\"wp-block-heading\">Pastor<\/h3>\n\n\n\n<p><em>Pastor<\/em> vem do latim e significa &#8220;pastor de ovelhas&#8221;. \u00c9 uma met\u00e1fora b\u00edblica central para o minist\u00e9rio: Cristo \u00e9 o Bom Pastor, e os ministros s\u00e3o pastores que cuidam do rebanho em seu nome.<\/p>\n\n\n\n<p>No uso contempor\u00e2neo brasileiro, &#8220;pastor&#8221; tornou-se o t\u00edtulo caracter\u00edstico dos ministros das tradi\u00e7\u00f5es mais evang\u00e9licas. Nessas tradi\u00e7\u00f5es, o pastor exerce fun\u00e7\u00f5es que na tradi\u00e7\u00e3o anglicana seriam atribu\u00eddas ao presb\u00edtero e as vezes ao bispo: prega, ensina, administra as ordenan\u00e7as e cuida pastoralmente da congrega\u00e7\u00e3o.<\/p>\n\n\n\n<p>Na IEAB, &#8220;pastor&#8221; tamb\u00e9m \u00e9 utilizado, embora com menos frequ\u00eancia do que &#8220;reverendo&#8221; ou &#8220;padre&#8221;. Pode ser aplicado tanto a presb\u00edteros quanto a di\u00e1conos que exercem cuidado pastoral de uma comunidade.<\/p>\n\n\n\n<h3 class=\"wp-block-heading\">Reitor, Coadjutor e Ministro Encarregado<\/h3>\n\n\n\n<p>Na estrutura da IEAB, esses tr\u00eas t\u00edtulos descrevem fun\u00e7\u00f5es dentro da vida paroquial e mission\u00e1ria \u2014 n\u00e3o ordens distintas.<\/p>\n\n\n\n<p>O <em>reitor<\/em> \u00e9 o presb\u00edtero respons\u00e1vel por uma congrega\u00e7\u00e3o estabelecida, nomeado pelo bispo (ou eleito) e principal ministro ordenado daquela comunidade.<\/p>\n\n\n\n<p>O <em>coadjutor<\/em> \u00e9 o ministro que auxilia o reitor na lideran\u00e7a da congrega\u00e7\u00e3o. Pode ser um presb\u00edtero ou um di\u00e1cono, com responsabilidades pastorais espec\u00edficas delegadas pelo reitor.<\/p>\n\n\n\n<p>O <em>ministro encarregado<\/em> \u00e9 o t\u00edtulo usado na IEAB para o ministro respons\u00e1vel por uma congrega\u00e7\u00e3o menor ou em forma\u00e7\u00e3o \u2014 uma miss\u00e3o, uma comunidade que ainda n\u00e3o tem o status de par\u00f3quia estabelecida. Assim como o coadjutor, pode ser exercido por um presb\u00edtero ou por um di\u00e1cono.<\/p>\n\n\n\n<h3 class=\"wp-block-heading\">C\u00f4nego<\/h3>\n\n\n\n<p>O <em>c\u00f4nego<\/em> (do latim <em>canonicus<\/em>) \u00e9 um presb\u00edtero que pertence ao <em>cabido<\/em>, o col\u00e9gio de cl\u00e9rigos que assessora o bispo e cuida da catedral de uma diocese. O canoato pode ser tanto uma fun\u00e7\u00e3o ativa quanto um t\u00edtulo honor\u00edfico concedido a presb\u00edteros de longa e distinta carreira ministerial.<\/p>\n\n\n\n<h3 class=\"wp-block-heading\">Arcediago<\/h3>\n\n\n\n<p>O <em>arcediago<\/em> (do latim <em>archidiaconus<\/em>, &#8220;chefe dos di\u00e1conos&#8221;) \u00e9 historicamente o principal di\u00e1cono de uma diocese, o auxiliar mais pr\u00f3ximo do bispo para quest\u00f5es administrativas e pastorais. Na Igreja medieval, o arcediago acumulou tanta autoridade que chegou a ser chamado de &#8220;olho do bispo&#8221;. Com o tempo, a fun\u00e7\u00e3o foi se tornando predominantemente administrativa e honor\u00edfica.<\/p>\n\n\n\n<p>No anglicanismo, o arcediago \u00e9 um presb\u00edtero \u2014 n\u00e3o um di\u00e1cono, a despeito da etimologia \u2014 respons\u00e1vel por um <em>arcediagado<\/em>, uma subdivis\u00e3o da diocese composta por um conjunto de par\u00f3quias e miss\u00f5es. Ele assessora o bispo na supervis\u00e3o pastoral e administrativa dessas comunidades, serve de elo entre o bispo e os reitores e ministos encarregados, e costuma ter papel ativo em quest\u00f5es pastorais e no cuidado da vida da igreja.<\/p>\n\n\n\n<p>Na IEAB, a figura do arcediago existe, embora sua presen\u00e7a e atribui\u00e7\u00f5es variem conforme a diocese. Trata-se de uma fun\u00e7\u00e3o, n\u00e3o de uma ordem distinta: o arcediago \u00e9 um presb\u00edtero ao qual foi confiada uma responsabilidade de supervis\u00e3o regional dentro da diocese.<\/p>\n\n\n\n<hr class=\"wp-block-separator has-alpha-channel-opacity\"\/>\n\n\n\n<h2 class=\"wp-block-heading\">Parte III: Vida Consagrada<\/h2>\n\n\n\n<p>Al\u00e9m do minist\u00e9rio ordenado, a Igreja tem outra grande tradi\u00e7\u00e3o de servi\u00e7o e santidade: a <em>vida consagrada<\/em> \u2014 a vida de pessoas que fazem votos de pobreza, castidade e obedi\u00eancia, e vivem em comunidade segundo uma regra espec\u00edfica. Essa tradi\u00e7\u00e3o existe nas igrejas cat\u00f3lica romana, ortodoxa e anglicana, onde comunidades religiosas masculinas e femininas foram revigoradas a partir do s\u00e9culo XIX com o Movimento de Oxford.<\/p>\n\n\n\n<h3 class=\"wp-block-heading\">Monge e Monja<\/h3>\n\n\n\n<p>O <em>monge<\/em> (do grego <em>monachos<\/em>, &#8220;solit\u00e1rio&#8221;) \u00e9 aquele que vive a vida mon\u00e1stica, em um mosteiro, segundo uma regra de ora\u00e7\u00e3o, trabalho e comunidade. A figura mais influente na hist\u00f3ria do monasticismo ocidental \u00e9 S\u00e3o Bento de N\u00farsia (480\u2013547), cuja Regra continua a moldar in\u00fameras comunidades at\u00e9 hoje.<\/p>\n\n\n\n<p>O monge n\u00e3o \u00e9 necessariamente ordenado. Muitos s\u00e3o leigos consagrados; alguns s\u00e3o ordenados presb\u00edteros para servir as necessidades sacramentais da comunidade. A <em>monja<\/em> \u00e9 a equivalente feminina, uma mulher que vive a vida mon\u00e1stica contemplativa em mosteiro.<\/p>\n\n\n\n<h3 class=\"wp-block-heading\">Frade e Freira<\/h3>\n\n\n\n<p>A distin\u00e7\u00e3o entre monge e frade \u00e9 frequentemente negligenciada, mas \u00e9 importante.<\/p>\n\n\n\n<p>O <em>frade<\/em> pertence a uma <em>ordem mendicante<\/em> \u2014 ordens surgidas no s\u00e9culo XIII, como os franciscanos e os dominicanos. Diferentemente dos monges, que permanecem fixados em seu mosteiro, os frades s\u00e3o chamados a circular pelo mundo, pregar, ensinar e servir os pobres. O frade \u00e9, por voca\u00e7\u00e3o, um itinerante.<\/p>\n\n\n\n<p>A <em>freira<\/em>, no uso popular brasileiro, \u00e9 qualquer mulher consagrada em vida religiosa \u2014 seja monja contemplativa, irm\u00e3 de congrega\u00e7\u00e3o ativa, ou religiosa de qualquer outra forma.<\/p>\n\n\n\n<h3 class=\"wp-block-heading\">Abade e Abadessa<\/h3>\n\n\n\n<p>O <em>abade<\/em> (do aramaico <em>abba<\/em>, &#8220;pai&#8221;) \u00e9 o superior de um mosteiro masculino \u2014 ao mesmo tempo pai amoroso e mestre para a comunidade, segundo a Regra de S\u00e3o Bento. \u00c9 eleito pelos monges e, em algumas tradi\u00e7\u00f5es, recebe uma b\u00ean\u00e7\u00e3o episcopal. A <em>abadessa<\/em> exerce a mesma fun\u00e7\u00e3o num mosteiro feminino.<\/p>\n\n\n\n<p>Vale notar que abades e abadessas, em algumas tradi\u00e7\u00f5es, usam vestes semelhantes \u00e0s episcopais \u2014 mitra, b\u00e1culo e anel \u2014 como sinal da autoridade e responsabilidade pastoral que exercem sobre sua comunidade. Na Igreja Cat\u00f3lica Romana, esse uso est\u00e1 bem estabelecido e \u00e9 conferido formalmente numa b\u00ean\u00e7\u00e3o pr\u00f3pria. No anglicanismo, a pr\u00e1tica existe em algumas comunidades, especialmente aquelas de espiritualidade beneditina e de alta-Igreja, mas n\u00e3o \u00e9 universal \u2014 e na IEAB, onde a vida mon\u00e1stica ainda est\u00e1 em desenvolvimento, esse uso n\u00e3o \u00e9 corrente.<\/p>\n\n\n\n<hr class=\"wp-block-separator has-alpha-channel-opacity\"\/>\n\n\n\n<h2 class=\"wp-block-heading\">Palavras S\u00e3o Apenas o Come\u00e7o<\/h2>\n\n\n\n<p>Nenhum t\u00edtulo ou termo esgota a realidade do minist\u00e9rio crist\u00e3o. Um presb\u00edtero pode exercer um minist\u00e9rio profundamente diaconal, de servi\u00e7o aos pobres e marginalizados. Um bispo pode ser, antes de tudo, um pastor amoroso de sua diocese. Um frade pode ter mais vida contemplativa do que muitos monges. Um leigo pode ser algu\u00e9m que nunca recebeu qualquer t\u00edtulo formal, mas cuja vida toda \u00e9 proclama\u00e7\u00e3o da palavra.<\/p>\n\n\n\n<p>Os termos s\u00e3o \u00fateis \u2014 ajudam-nos a entender estruturas, tradi\u00e7\u00f5es e voca\u00e7\u00f5es. Mas a vida da Igreja sempre transborda os seus vocabul\u00e1rios. O que permanece constante, em todas as tradi\u00e7\u00f5es, \u00e9 a convic\u00e7\u00e3o de que esses minist\u00e9rios e voca\u00e7\u00f5es existem para um \u00fanico fim: a edifica\u00e7\u00e3o do Corpo de Cristo e o amor ao mundo que Deus tanto amou.<\/p>\n\n\n\n<p><em>Se este post gerou mais perguntas do que respondeu \u2014 \u00f3timo. Esses s\u00e3o assuntos que merecem ser explorados com calma. Com a internet hoje em dia, ficou mais f\u00e1cil que nunca buscar as respostas. S\u00f3 lembrem de verificar suas fontes e filtrar direito o conhecimento. Tem muita coisa boa e muita coisa ruim online.<\/em><\/p>\n","protected":false},"excerpt":{"rendered":"<p>Outro dia, numa conversa ap\u00f3s o culto, algu\u00e9m me perguntou: &#8220;Mas afinal, qual \u00e9 a diferen\u00e7a entre um padre e um presb\u00edtero?&#8221; A resposta, como quase sempre na vida, \u00e9&#8230;<\/p>\n","protected":false},"author":1,"featured_media":198,"comment_status":"closed","ping_status":"closed","sticky":false,"template":"","format":"standard","meta":{"pagelayer_contact_templates":[],"_pagelayer_content":"","_jetpack_memberships_contains_paid_content":false,"footnotes":""},"categories":[2],"tags":[5,36,12,34,22,32,33,35,7,37,20],"class_list":["post-83","post","type-post","status-publish","format-standard","has-post-thumbnail","hentry","category-artigos","tag-anglicanismo","tag-bispo","tag-cristianismo","tag-diacono","tag-evangelho","tag-padre","tag-pastor","tag-presbitero","tag-reforma","tag-reverendo","tag-tradicao"],"jetpack_featured_media_url":"https:\/\/lexorandi.com.br\/blog\/wp-content\/uploads\/2026\/03\/Ministros.png","jetpack_sharing_enabled":true,"_links":{"self":[{"href":"https:\/\/lexorandi.com.br\/blog\/wp-json\/wp\/v2\/posts\/83","targetHints":{"allow":["GET"]}}],"collection":[{"href":"https:\/\/lexorandi.com.br\/blog\/wp-json\/wp\/v2\/posts"}],"about":[{"href":"https:\/\/lexorandi.com.br\/blog\/wp-json\/wp\/v2\/types\/post"}],"author":[{"embeddable":true,"href":"https:\/\/lexorandi.com.br\/blog\/wp-json\/wp\/v2\/users\/1"}],"replies":[{"embeddable":true,"href":"https:\/\/lexorandi.com.br\/blog\/wp-json\/wp\/v2\/comments?post=83"}],"version-history":[{"count":115,"href":"https:\/\/lexorandi.com.br\/blog\/wp-json\/wp\/v2\/posts\/83\/revisions"}],"predecessor-version":[{"id":199,"href":"https:\/\/lexorandi.com.br\/blog\/wp-json\/wp\/v2\/posts\/83\/revisions\/199"}],"wp:featuredmedia":[{"embeddable":true,"href":"https:\/\/lexorandi.com.br\/blog\/wp-json\/wp\/v2\/media\/198"}],"wp:attachment":[{"href":"https:\/\/lexorandi.com.br\/blog\/wp-json\/wp\/v2\/media?parent=83"}],"wp:term":[{"taxonomy":"category","embeddable":true,"href":"https:\/\/lexorandi.com.br\/blog\/wp-json\/wp\/v2\/categories?post=83"},{"taxonomy":"post_tag","embeddable":true,"href":"https:\/\/lexorandi.com.br\/blog\/wp-json\/wp\/v2\/tags?post=83"}],"curies":[{"name":"wp","href":"https:\/\/api.w.org\/{rel}","templated":true}]}}